{"id":88626,"date":"2026-05-15T11:28:48","date_gmt":"2026-05-15T15:28:48","guid":{"rendered":"https:\/\/pldaldia.com\/portada\/?p=88626"},"modified":"2026-05-15T11:28:48","modified_gmt":"2026-05-15T15:28:48","slug":"el-gobierno-del-prm-se-ha-quemado-en-todas-las-areas","status":"publish","type":"post","link":"https:\/\/pldaldia.com\/portada\/el-gobierno-del-prm-se-ha-quemado-en-todas-las-areas\/","title":{"rendered":"El Gobierno del PRM se ha quemado en todas las \u00e1reas"},"content":{"rendered":"<p>Falta de planificaci\u00f3n del gobierno del PRM causa deterioro econ\u00f3mico y educativo del pa\u00eds, afirma Radham\u00e9s Camacho, del CP del PLD.<\/p>\n<p>El miembro del Comit\u00e9 Pol\u00edtico y titular de la Secretar\u00eda de Asuntos Magisteriales del Partido de la Liberaci\u00f3n Dominicana (PLD), Radham\u00e9s Camacho, asegur\u00f3 que los principales problemas econ\u00f3micos, sociales y educativos que enfrenta la Rep\u00fablica Dominicana tienen su origen en la falta de planificaci\u00f3n del actual gobierno, afirmando que la gesti\u00f3n del Partido Revolucionario Moderno (PRM) \u201cse ha quemado en todas las \u00e1reas\u201d.<\/p>\n<p>Durante una entrevista en el programa Panorama de la Ma\u00f1ana, Camacho sostuvo que las dificultades econ\u00f3micas del pa\u00eds no pueden atribuirse exclusivamente a factores internacionales, sino al manejo financiero interno y al incremento de los pr\u00e9stamos p\u00fablicos por encima de la capacidad de recaudaci\u00f3n estatal.<\/p>\n<p>\u201cEste gobierno se dedic\u00f3 a hacer pr\u00e9stamos m\u00e1s all\u00e1 de la capacidad de recaudaci\u00f3n de los c\u00e1lculos estimados\u201d, expres\u00f3 el ex presidente de la C\u00e1mara de Diputados.<\/p>\n<p>El dirigente pelede\u00edsta indic\u00f3 que durante las administraciones del expresidente Danilo Medina el pa\u00eds manten\u00eda estabilidad econ\u00f3mica y mayor capacidad productiva, asegurando que al finalizar esa gesti\u00f3n la Rep\u00fablica Dominicana produc\u00eda el 85 por ciento de los alimentos consumidos por la poblaci\u00f3n.<\/p>\n<p>Camacho cuestion\u00f3 adem\u00e1s la situaci\u00f3n del sistema educativo nacional, se\u00f1alando que todav\u00eda existen escuelas funcionando en furgones y obras paralizadas, mientras numerosos ingenieros contin\u00faan reclamando pagos pendientes por trabajos ejecutados para el Estado.<\/p>\n<p>\u201cDame una raz\u00f3n para que todav\u00eda nosotros estemos reportando escuelas que se est\u00e1n dando clases en furgones. Dame una raz\u00f3n para que haya ingenieros con obras paralizadas y al borde de perder hasta sus veh\u00edculos\u201d, manifest\u00f3.<\/p>\n<p>Asimismo, critic\u00f3 los niveles de inseguridad y los resultados de la reforma policial impulsada por el Gobierno, afirmando que \u201caqu\u00ed se ha perdido la autoridad y no se cree en nada\u201d.<\/p>\n<p>En el \u00e1mbito pol\u00edtico, el dirigente afirm\u00f3 que el PLD se mantiene como la principal fuerza estructural del pa\u00eds y asegur\u00f3 que la organizaci\u00f3n trabaja en el fortalecimiento de sus estructuras de cara al proceso electoral del 2028.<\/p>\n<p>\u201cEl PLD est\u00e1 trabajando fuerte para escoger un aspirante y convertirnos en la opci\u00f3n ganadora en el 2028\u201d, manifest\u00f3 Camacho, tras destacar que el partido desarrolla un proceso interno democr\u00e1tico para definir su propuesta presidencial.<\/p>\n<p>El tambi\u00e9n expresidente de la C\u00e1mara de Diputados sostuvo que gran parte de la poblaci\u00f3n percibe un deterioro en el costo de la vida, debido al incremento de los precios de productos b\u00e1sicos y servicios; y record\u00f3 que \u201ccon el PLD se viv\u00eda mejor\u201d.<\/p>\n","protected":false},"excerpt":{"rendered":"<p>Falta de planificaci\u00f3n del gobierno del PRM causa deterioro econ\u00f3mico y educativo del pa\u00eds, afirma Radham\u00e9s Camacho, del CP del PLD. El miembro del Comit\u00e9 Pol\u00edtico y titular de la Secretar\u00eda de Asuntos Magisteriales del Partido de la Liberaci\u00f3n Dominicana (PLD), Radham\u00e9s Camacho, asegur\u00f3 que los principales problemas econ\u00f3micos, sociales y educativos que enfrenta la [&hellip;]<\/p>\n","protected":false},"author":1,"featured_media":88627,"comment_status":"open","ping_status":"open","sticky":false,"template":"","format":"standard","meta":{"tdm_status":"","tdm_grid_status":"","footnotes":""},"categories":[9],"tags":[],"_links":{"self":[{"href":"https:\/\/pldaldia.com\/portada\/wp-json\/wp\/v2\/posts\/88626"}],"collection":[{"href":"https:\/\/pldaldia.com\/portada\/wp-json\/wp\/v2\/posts"}],"about":[{"href":"https:\/\/pldaldia.com\/portada\/wp-json\/wp\/v2\/types\/post"}],"author":[{"embeddable":true,"href":"https:\/\/pldaldia.com\/portada\/wp-json\/wp\/v2\/users\/1"}],"replies":[{"embeddable":true,"href":"https:\/\/pldaldia.com\/portada\/wp-json\/wp\/v2\/comments?post=88626"}],"version-history":[{"count":1,"href":"https:\/\/pldaldia.com\/portada\/wp-json\/wp\/v2\/posts\/88626\/revisions"}],"predecessor-version":[{"id":88628,"href":"https:\/\/pldaldia.com\/portada\/wp-json\/wp\/v2\/posts\/88626\/revisions\/88628"}],"wp:featuredmedia":[{"embeddable":true,"href":"https:\/\/pldaldia.com\/portada\/wp-json\/wp\/v2\/media\/88627"}],"wp:attachment":[{"href":"https:\/\/pldaldia.com\/portada\/wp-json\/wp\/v2\/media?parent=88626"}],"wp:term":[{"taxonomy":"category","embeddable":true,"href":"https:\/\/pldaldia.com\/portada\/wp-json\/wp\/v2\/categories?post=88626"},{"taxonomy":"post_tag","embeddable":true,"href":"https:\/\/pldaldia.com\/portada\/wp-json\/wp\/v2\/tags?post=88626"}],"curies":[{"name":"wp","href":"https:\/\/api.w.org\/{rel}","templated":true}]}}