{"id":88647,"date":"2026-05-15T21:37:33","date_gmt":"2026-05-16T01:37:33","guid":{"rendered":"https:\/\/pldaldia.com\/portada\/?p=88647"},"modified":"2026-05-15T21:37:33","modified_gmt":"2026-05-16T01:37:33","slug":"dia-internacional-de-la-convivencia-en-paz-2","status":"publish","type":"post","link":"https:\/\/pldaldia.com\/portada\/dia-internacional-de-la-convivencia-en-paz-2\/","title":{"rendered":"D\u00eda Internacional de la Convivencia en Paz"},"content":{"rendered":"<p>En diciembre de 2017, la Organizaci\u00f3n de las Naciones Unidas declar\u00f3 el 16 de mayo como el D\u00eda Internacional de la Convivencia en Paz.<\/p>\n<p>Con este d\u00eda se pretende promover la tolerancia, la solidaridad, el respeto y la paz a nivel mundial.<\/p>\n","protected":false},"excerpt":{"rendered":"<p>En diciembre de 2017, la Organizaci\u00f3n de las Naciones Unidas declar\u00f3 el 16 de mayo como el D\u00eda Internacional de la Convivencia en Paz. Con este d\u00eda se pretende promover la tolerancia, la solidaridad, el respeto y la paz a nivel mundial.<\/p>\n","protected":false},"author":1,"featured_media":88645,"comment_status":"open","ping_status":"open","sticky":false,"template":"","format":"standard","meta":{"tdm_status":"","tdm_grid_status":"","footnotes":""},"categories":[57],"tags":[],"_links":{"self":[{"href":"https:\/\/pldaldia.com\/portada\/wp-json\/wp\/v2\/posts\/88647"}],"collection":[{"href":"https:\/\/pldaldia.com\/portada\/wp-json\/wp\/v2\/posts"}],"about":[{"href":"https:\/\/pldaldia.com\/portada\/wp-json\/wp\/v2\/types\/post"}],"author":[{"embeddable":true,"href":"https:\/\/pldaldia.com\/portada\/wp-json\/wp\/v2\/users\/1"}],"replies":[{"embeddable":true,"href":"https:\/\/pldaldia.com\/portada\/wp-json\/wp\/v2\/comments?post=88647"}],"version-history":[{"count":1,"href":"https:\/\/pldaldia.com\/portada\/wp-json\/wp\/v2\/posts\/88647\/revisions"}],"predecessor-version":[{"id":88649,"href":"https:\/\/pldaldia.com\/portada\/wp-json\/wp\/v2\/posts\/88647\/revisions\/88649"}],"wp:featuredmedia":[{"embeddable":true,"href":"https:\/\/pldaldia.com\/portada\/wp-json\/wp\/v2\/media\/88645"}],"wp:attachment":[{"href":"https:\/\/pldaldia.com\/portada\/wp-json\/wp\/v2\/media?parent=88647"}],"wp:term":[{"taxonomy":"category","embeddable":true,"href":"https:\/\/pldaldia.com\/portada\/wp-json\/wp\/v2\/categories?post=88647"},{"taxonomy":"post_tag","embeddable":true,"href":"https:\/\/pldaldia.com\/portada\/wp-json\/wp\/v2\/tags?post=88647"}],"curies":[{"name":"wp","href":"https:\/\/api.w.org\/{rel}","templated":true}]}}