{"id":88654,"date":"2026-05-16T09:24:27","date_gmt":"2026-05-16T13:24:27","guid":{"rendered":"https:\/\/pldaldia.com\/portada\/?p=88654"},"modified":"2026-05-16T09:24:27","modified_gmt":"2026-05-16T13:24:27","slug":"pld-vive-proceso-de-crecimiento-y-consolidacion-rumbo-al-2028","status":"publish","type":"post","link":"https:\/\/pldaldia.com\/portada\/pld-vive-proceso-de-crecimiento-y-consolidacion-rumbo-al-2028\/","title":{"rendered":"PLD vive proceso de crecimiento y consolidaci\u00f3n rumbo al 2028"},"content":{"rendered":"<p>Diputado Danilo D\u00edaz asegura que las encuestas reflejan un fortalecimiento del PLD y cuestiona propuesta del Gobierno sobre reducci\u00f3n de fondos a partidos pol\u00edticos.<\/p>\n<p>Danilo D\u00edaz, diputado nacional y delegado suplente ante la Junta Central Electoral del Partido de la Liberaci\u00f3n Dominicana (PLD), afirm\u00f3 que esa organizaci\u00f3n pol\u00edtica atraviesa un proceso de crecimiento y fortalecimiento interno, impulsado por el trabajo organizativo y la dinamizaci\u00f3n encabezada por el expresidente Danilo Medina.<\/p>\n<p>Durante una entrevista en el programa Portada Digital, D\u00edaz sostuvo que los estudios de opini\u00f3n reflejan un repunte del PLD y una mejor valoraci\u00f3n de su liderazgo pol\u00edtico.<\/p>\n<p>\u201cYa el crecimiento del Partido de la Liberaci\u00f3n Dominicana es inocultable. Los estudios p\u00fablicos as\u00ed lo reflejan y el presidente Danilo Medina aparece como el expresidente mejor valorado\u201d, expres\u00f3.<\/p>\n<p>El dirigente explic\u00f3 que el proceso interno que desarrolla el PLD de cara a la escogencia del aspirante a la candidatura presidencial marcha de manera organizada y con reglas claras, resaltando la unidad como eje fundamental de la organizaci\u00f3n.<\/p>\n<p>\u201cEstamos apostando a que quien gane, va a unificar y recibir el apoyo de todos los compa\u00f1eros\u201d, indic\u00f3.<\/p>\n<p>D\u00edaz tambi\u00e9n critic\u00f3 la propuesta del Gobierno de reducir en un 50 % el financiamiento a los partidos pol\u00edticos, calific\u00e1ndola de ilegal e inconstitucional.<\/p>\n<p>\u201cLo que pretende el gobierno es ahogar a los partidos pol\u00edticos, especialmente a los de oposici\u00f3n. Eso es peligroso para la democracia y para el sistema de partidos\u201d, manifest\u00f3.<\/p>\n<p>Asimismo, consider\u00f3 que las recientes encuestas evidencian un deterioro en la percepci\u00f3n ciudadana sobre la situaci\u00f3n econ\u00f3mica del pa\u00eds y una disminuci\u00f3n en la valoraci\u00f3n del Gobierno.<\/p>\n<p>\u201cLa encuesta refleja un gobierno en picada y una poblaci\u00f3n que entiende que la situaci\u00f3n econ\u00f3mica est\u00e1 mala o muy mala\u201d, afirm\u00f3.<\/p>\n<p>En otro orden, D\u00edaz expres\u00f3 preocupaci\u00f3n sobre la posibilidad de que Rep\u00fablica Dominicana asuma costos relacionados con ciudadanos deportados desde Estados Unidos, se\u00f1alando que el pa\u00eds no est\u00e1 en condiciones de cargar con esas responsabilidades.<\/p>\n<p>\u201cNo me parece razonable que el gobierno dominicano tenga que cubrir esos costos. Somos un pa\u00eds con muchas necesidades\u201d, puntualiz\u00f3.<\/p>\n","protected":false},"excerpt":{"rendered":"<p>Diputado Danilo D\u00edaz asegura que las encuestas reflejan un fortalecimiento del PLD y cuestiona propuesta del Gobierno sobre reducci\u00f3n de fondos a partidos pol\u00edticos. Danilo D\u00edaz, diputado nacional y delegado suplente ante la Junta Central Electoral del Partido de la Liberaci\u00f3n Dominicana (PLD), afirm\u00f3 que esa organizaci\u00f3n pol\u00edtica atraviesa un proceso de crecimiento y fortalecimiento [&hellip;]<\/p>\n","protected":false},"author":1,"featured_media":88655,"comment_status":"open","ping_status":"open","sticky":false,"template":"","format":"standard","meta":{"tdm_status":"","tdm_grid_status":"","footnotes":""},"categories":[9],"tags":[],"_links":{"self":[{"href":"https:\/\/pldaldia.com\/portada\/wp-json\/wp\/v2\/posts\/88654"}],"collection":[{"href":"https:\/\/pldaldia.com\/portada\/wp-json\/wp\/v2\/posts"}],"about":[{"href":"https:\/\/pldaldia.com\/portada\/wp-json\/wp\/v2\/types\/post"}],"author":[{"embeddable":true,"href":"https:\/\/pldaldia.com\/portada\/wp-json\/wp\/v2\/users\/1"}],"replies":[{"embeddable":true,"href":"https:\/\/pldaldia.com\/portada\/wp-json\/wp\/v2\/comments?post=88654"}],"version-history":[{"count":1,"href":"https:\/\/pldaldia.com\/portada\/wp-json\/wp\/v2\/posts\/88654\/revisions"}],"predecessor-version":[{"id":88657,"href":"https:\/\/pldaldia.com\/portada\/wp-json\/wp\/v2\/posts\/88654\/revisions\/88657"}],"wp:featuredmedia":[{"embeddable":true,"href":"https:\/\/pldaldia.com\/portada\/wp-json\/wp\/v2\/media\/88655"}],"wp:attachment":[{"href":"https:\/\/pldaldia.com\/portada\/wp-json\/wp\/v2\/media?parent=88654"}],"wp:term":[{"taxonomy":"category","embeddable":true,"href":"https:\/\/pldaldia.com\/portada\/wp-json\/wp\/v2\/categories?post=88654"},{"taxonomy":"post_tag","embeddable":true,"href":"https:\/\/pldaldia.com\/portada\/wp-json\/wp\/v2\/tags?post=88654"}],"curies":[{"name":"wp","href":"https:\/\/api.w.org\/{rel}","templated":true}]}}