{"id":88660,"date":"2026-05-16T10:49:47","date_gmt":"2026-05-16T14:49:47","guid":{"rendered":"https:\/\/pldaldia.com\/portada\/?p=88660"},"modified":"2026-05-16T10:49:47","modified_gmt":"2026-05-16T14:49:47","slug":"danilo-medina-y-johnny-pujols-encabezan-asamblea-del-pld-en-elias-pina","status":"publish","type":"post","link":"https:\/\/pldaldia.com\/portada\/danilo-medina-y-johnny-pujols-encabezan-asamblea-del-pld-en-elias-pina\/","title":{"rendered":"Danilo Medina y Johnny Pujols encabezan Asamblea del PLD en El\u00edas Pi\u00f1a"},"content":{"rendered":"<p>En asamblea del PLD este domingo en la provincia El\u00edas Pi\u00f1a, cientos de nuevos miembros ingresaran al Partido<\/p>\n<p>El Partido de la Liberaci\u00f3n Dominicana (PLD)  en la provincia El\u00edas Pi\u00f1a enfatiza sobre la gran expectativa de su poblaci\u00f3n con la presencia all\u00ed del ex presidente, Danilo Medina, Presidente del PLD, quien presidir\u00e1, junto  Johnny Pujols, secretario general, la asamblea de miembros y militantes pautada para celebrarse en Comendador,  su municipio cabecera, este domingo,<\/p>\n<p>Los dirigentes peledeistas de la fronteriza provincia resaltan que las zonas urbanas y rurales destacan  los aportes del Gobierno del PLD a su impulso econ\u00f3mico y el apoyo recibido en los municipios y distritos municipales en el programa Visitas Sorpresa.<\/p>\n<p>La asamblea provincial del PLD est\u00e1 programada para iniciar a partir de las 10 de la ma\u00f1ana en el local del Club de  las Pepeceras  en el Municipio Comendador,  con una agenda que incluye las intervenciones de los dirigentes locales, del secretario general y el discurso de cierre a cargo del presidente del PLD, Danilo Medina.<\/p>\n<p>Previo a su intervenci\u00f3n,  el Presidente Danilo Medina le tomar\u00e1 el juramento a  unos 150 nuevos miembros, que ingresar\u00e1n al  PLD,  en su mayor\u00eda primeros votantes.<\/p>\n<p>Con el encuentro de este domingo, 17 de mayo, el PLD da continuidad a un  amplio programa de asambleas provinciales y de Circunscripciones Electorales que ha movilizado el Partido como parte de su estrategia de fortalecimiento y conexi\u00f3n social.<\/p>\n","protected":false},"excerpt":{"rendered":"<p>En asamblea del PLD este domingo en la provincia El\u00edas Pi\u00f1a, cientos de nuevos miembros ingresaran al Partido El Partido de la Liberaci\u00f3n Dominicana (PLD) en la provincia El\u00edas Pi\u00f1a enfatiza sobre la gran expectativa de su poblaci\u00f3n con la presencia all\u00ed del ex presidente, Danilo Medina, Presidente del PLD, quien presidir\u00e1, junto Johnny Pujols, [&hellip;]<\/p>\n","protected":false},"author":1,"featured_media":88661,"comment_status":"open","ping_status":"open","sticky":false,"template":"","format":"standard","meta":{"tdm_status":"","tdm_grid_status":"","footnotes":""},"categories":[9],"tags":[],"_links":{"self":[{"href":"https:\/\/pldaldia.com\/portada\/wp-json\/wp\/v2\/posts\/88660"}],"collection":[{"href":"https:\/\/pldaldia.com\/portada\/wp-json\/wp\/v2\/posts"}],"about":[{"href":"https:\/\/pldaldia.com\/portada\/wp-json\/wp\/v2\/types\/post"}],"author":[{"embeddable":true,"href":"https:\/\/pldaldia.com\/portada\/wp-json\/wp\/v2\/users\/1"}],"replies":[{"embeddable":true,"href":"https:\/\/pldaldia.com\/portada\/wp-json\/wp\/v2\/comments?post=88660"}],"version-history":[{"count":1,"href":"https:\/\/pldaldia.com\/portada\/wp-json\/wp\/v2\/posts\/88660\/revisions"}],"predecessor-version":[{"id":88662,"href":"https:\/\/pldaldia.com\/portada\/wp-json\/wp\/v2\/posts\/88660\/revisions\/88662"}],"wp:featuredmedia":[{"embeddable":true,"href":"https:\/\/pldaldia.com\/portada\/wp-json\/wp\/v2\/media\/88661"}],"wp:attachment":[{"href":"https:\/\/pldaldia.com\/portada\/wp-json\/wp\/v2\/media?parent=88660"}],"wp:term":[{"taxonomy":"category","embeddable":true,"href":"https:\/\/pldaldia.com\/portada\/wp-json\/wp\/v2\/categories?post=88660"},{"taxonomy":"post_tag","embeddable":true,"href":"https:\/\/pldaldia.com\/portada\/wp-json\/wp\/v2\/tags?post=88660"}],"curies":[{"name":"wp","href":"https:\/\/api.w.org\/{rel}","templated":true}]}}