{"id":88668,"date":"2026-05-16T23:39:49","date_gmt":"2026-05-17T03:39:49","guid":{"rendered":"https:\/\/pldaldia.com\/portada\/?p=88668"},"modified":"2026-05-16T23:39:49","modified_gmt":"2026-05-17T03:39:49","slug":"dia-mundial-de-las-telecomunicaciones-y-la-sociedad-de-la-informacion-2","status":"publish","type":"post","link":"https:\/\/pldaldia.com\/portada\/dia-mundial-de-las-telecomunicaciones-y-la-sociedad-de-la-informacion-2\/","title":{"rendered":"D\u00eda Mundial de las Telecomunicaciones y la Sociedad de la Informaci\u00f3n"},"content":{"rendered":"<p>El 17 de mayo se celebra el D\u00eda Mundial de las Telecomunicaciones y la Sociedad de la Informaci\u00f3n, con la finalidad de sensibilizar a la comunidad mundial acerca de la utilizaci\u00f3n de Internet y otras Tecnolog\u00edas de la Informaci\u00f3n y la Comunicaci\u00f3n (TIC), orientado a reducir la brecha digital en algunas sociedades y econom\u00edas del mundo.<\/p>\n","protected":false},"excerpt":{"rendered":"<p>El 17 de mayo se celebra el D\u00eda Mundial de las Telecomunicaciones y la Sociedad de la Informaci\u00f3n, con la finalidad de sensibilizar a la comunidad mundial acerca de la utilizaci\u00f3n de Internet y otras Tecnolog\u00edas de la Informaci\u00f3n y la Comunicaci\u00f3n (TIC), orientado a reducir la brecha digital en algunas sociedades y econom\u00edas del [&hellip;]<\/p>\n","protected":false},"author":1,"featured_media":88669,"comment_status":"open","ping_status":"open","sticky":false,"template":"","format":"standard","meta":{"tdm_status":"","tdm_grid_status":"","footnotes":""},"categories":[57],"tags":[],"_links":{"self":[{"href":"https:\/\/pldaldia.com\/portada\/wp-json\/wp\/v2\/posts\/88668"}],"collection":[{"href":"https:\/\/pldaldia.com\/portada\/wp-json\/wp\/v2\/posts"}],"about":[{"href":"https:\/\/pldaldia.com\/portada\/wp-json\/wp\/v2\/types\/post"}],"author":[{"embeddable":true,"href":"https:\/\/pldaldia.com\/portada\/wp-json\/wp\/v2\/users\/1"}],"replies":[{"embeddable":true,"href":"https:\/\/pldaldia.com\/portada\/wp-json\/wp\/v2\/comments?post=88668"}],"version-history":[{"count":1,"href":"https:\/\/pldaldia.com\/portada\/wp-json\/wp\/v2\/posts\/88668\/revisions"}],"predecessor-version":[{"id":88670,"href":"https:\/\/pldaldia.com\/portada\/wp-json\/wp\/v2\/posts\/88668\/revisions\/88670"}],"wp:featuredmedia":[{"embeddable":true,"href":"https:\/\/pldaldia.com\/portada\/wp-json\/wp\/v2\/media\/88669"}],"wp:attachment":[{"href":"https:\/\/pldaldia.com\/portada\/wp-json\/wp\/v2\/media?parent=88668"}],"wp:term":[{"taxonomy":"category","embeddable":true,"href":"https:\/\/pldaldia.com\/portada\/wp-json\/wp\/v2\/categories?post=88668"},{"taxonomy":"post_tag","embeddable":true,"href":"https:\/\/pldaldia.com\/portada\/wp-json\/wp\/v2\/tags?post=88668"}],"curies":[{"name":"wp","href":"https:\/\/api.w.org\/{rel}","templated":true}]}}