{"id":88681,"date":"2026-05-18T09:47:55","date_gmt":"2026-05-18T13:47:55","guid":{"rendered":"https:\/\/pldaldia.com\/portada\/?p=88681"},"modified":"2026-05-18T09:47:55","modified_gmt":"2026-05-18T13:47:55","slug":"cuando-la-realidad-le-tumba-la-mascara-al-relato","status":"publish","type":"post","link":"https:\/\/pldaldia.com\/portada\/cuando-la-realidad-le-tumba-la-mascara-al-relato\/","title":{"rendered":"Cuando la realidad le tumba la m\u00e1scara al relato"},"content":{"rendered":"<p>Por: Carlos Rodr\u00edguez | En la f\u00edsica del poder existe un axioma implacable: los pueblos pueden tolerar la fricci\u00f3n del debate ideol\u00f3gico, pero colapsan ante la simulaci\u00f3n de la nevera vac\u00eda. Hoy, la Rep\u00fablica Dominicana no atraviesa una simple coyuntura de desaf\u00edos estructurales, sino una profunda crisis de identidad gubernamental donde el relato oficialista del PRM  \u2014un experimento de mercadeo pol\u00edtico impecable en su envoltura est\u00e9tica pero est\u00e9ril en su ejecuci\u00f3n\u2014 ha chocado de frente contra el asfalto de la realidad. Nos vendieron un boleto de primera clase hacia el futuro, pero la ciudadan\u00eda dominicana , al activar el m\u00fasculo de la memoria hist\u00f3rica en su cotidianidad m\u00e1s humana y descarnada, ha descubierto la paradoja: el cambio prometido por el PRM termin\u00f3 siendo un viaje forzoso hacia el pasado, consolidando una conclusi\u00f3n colectiva que ya no pertenece al debate partidario, sino a la vivencia popular: con el PLD se viv\u00eda mejor.<\/p>\n<p>Lo verdaderamente disruptivo y doloroso de la crisis actual bajo la gesti\u00f3n de Luis Abinader no es la ausencia de soluciones te\u00f3ricas, sino la resurrecci\u00f3n de fantasmas que la sociedad dominicana ya consideraba superados. Los apagones , La inseguridad y la delincuencia han dejado de ser variables abstractas en gr\u00e1ficos de conferencias de prensa para transformarse en el terror visceral de una madre en Santo Domingo ; asimismo, el alto costo de la vida, la escolarizaci\u00f3n de los hijos  y el desempleo no son debates macroecon\u00f3micos, sino la angustia de congelarse frente al estante del supermercado decidiendo qu\u00e9 alimento sacrificar. Al desmoronarse la m\u00e1scara de la tecnocracia pulcra, el pa\u00eds ha despertado en una realidad de apagones cr\u00f3nicos, hospitales desabastecidos vueltos a la precariedad y un sistema educativo estancado, donde las presiones migratorias y la violencia de g\u00e9nero se tratan con analg\u00e9sicos discursivos en lugar de las cirug\u00edas estructurales que demanda un Estado que hoy se percibe lejano, fr\u00edo y ajeno al dolor de su gente.<\/p>\n<p>Para descifrar este giro en la conciencia colectiva y el consecuente rebalanceo hacia el arraigo pelede\u00edsta, es imperativo elevar la mirada anal\u00edtica hacia la doctrina fundacional de Juan Bosch, un pensador que jam\u00e1s concibi\u00f3 la pol\u00edtica como un simulacro de relaciones p\u00fablicas o un algoritmo de posicionamiento digital. Bosch diseccion\u00f3 la marginalidad, la pobreza y el sufrimiento hist\u00f3rico del pueblo dominicano desde la empat\u00eda pura y el rigor sociol\u00f3gico, entendiendo que la dignidad nacional no se negocia en el escritorio de un consultor extranjero, sino que se construye superando la desesperanza y el miedo a trav\u00e9s de la educaci\u00f3n y la justicia social. Cuando la poblaci\u00f3n contrasta el desorden presente con la estabilidad, las aulas de tanda extendida, las estancias infantiles y la certidumbre econ\u00f3mica de los gobiernos del PLD, no est\u00e1 a\u00f1orando siglas ni banderas; est\u00e1 reclamando el retorno de la gerencia p\u00fablica con rostro humano, el rumbo perdido y la predictibilidad del bienestar.<\/p>\n<p>El ejemplo de Juan Bosch sobrevive no como una reliquia del ayer, sino como el plano arquitect\u00f3nico indispensable para rescatar a la Rep\u00fablica Dominicana del letargo, la improvisaci\u00f3n y el artificio medi\u00e1tico. Retomar las riendas del progreso de la mano de la experiencia probada del PLD y el liderazgo estrat\u00e9gico de Danilo Medina Sanchez no es un ejercicio de nostalgia, sino un imperativo \u00e9tico y metodol\u00f3gico para devolverle la gobernabilidad y el alma al territorio. Al final del d\u00eda, la verdad hist\u00f3rica posee una flotabilidad pol\u00edtica indestructible: el bienestar de una naci\u00f3n no se edifica con etiquetas en redes sociales ni con el refinamiento de la percepci\u00f3n, se edifica gobernando para el ser humano real. La m\u00e1scara ha ca\u00eddo por su propio peso; ahora nos corresponde a los hombres y mujeres de pensamiento y acci\u00f3n asumir la responsabilidad hist\u00f3rica de reconstruir el porvenir.<\/p>\n","protected":false},"excerpt":{"rendered":"<p>Por: Carlos Rodr\u00edguez | En la f\u00edsica del poder existe un axioma implacable: los pueblos pueden tolerar la fricci\u00f3n del debate ideol\u00f3gico, pero colapsan ante la simulaci\u00f3n de la nevera vac\u00eda. Hoy, la Rep\u00fablica Dominicana no atraviesa una simple coyuntura de desaf\u00edos estructurales, sino una profunda crisis de identidad gubernamental donde el relato oficialista del [&hellip;]<\/p>\n","protected":false},"author":1,"featured_media":74816,"comment_status":"open","ping_status":"open","sticky":false,"template":"","format":"standard","meta":{"tdm_status":"","tdm_grid_status":"","footnotes":""},"categories":[53],"tags":[],"_links":{"self":[{"href":"https:\/\/pldaldia.com\/portada\/wp-json\/wp\/v2\/posts\/88681"}],"collection":[{"href":"https:\/\/pldaldia.com\/portada\/wp-json\/wp\/v2\/posts"}],"about":[{"href":"https:\/\/pldaldia.com\/portada\/wp-json\/wp\/v2\/types\/post"}],"author":[{"embeddable":true,"href":"https:\/\/pldaldia.com\/portada\/wp-json\/wp\/v2\/users\/1"}],"replies":[{"embeddable":true,"href":"https:\/\/pldaldia.com\/portada\/wp-json\/wp\/v2\/comments?post=88681"}],"version-history":[{"count":1,"href":"https:\/\/pldaldia.com\/portada\/wp-json\/wp\/v2\/posts\/88681\/revisions"}],"predecessor-version":[{"id":88682,"href":"https:\/\/pldaldia.com\/portada\/wp-json\/wp\/v2\/posts\/88681\/revisions\/88682"}],"wp:featuredmedia":[{"embeddable":true,"href":"https:\/\/pldaldia.com\/portada\/wp-json\/wp\/v2\/media\/74816"}],"wp:attachment":[{"href":"https:\/\/pldaldia.com\/portada\/wp-json\/wp\/v2\/media?parent=88681"}],"wp:term":[{"taxonomy":"category","embeddable":true,"href":"https:\/\/pldaldia.com\/portada\/wp-json\/wp\/v2\/categories?post=88681"},{"taxonomy":"post_tag","embeddable":true,"href":"https:\/\/pldaldia.com\/portada\/wp-json\/wp\/v2\/tags?post=88681"}],"curies":[{"name":"wp","href":"https:\/\/api.w.org\/{rel}","templated":true}]}}