{"id":88685,"date":"2026-05-18T11:27:29","date_gmt":"2026-05-18T15:27:29","guid":{"rendered":"https:\/\/pldaldia.com\/portada\/?p=88685"},"modified":"2026-05-18T11:27:29","modified_gmt":"2026-05-18T15:27:29","slug":"prepararnos-para-proceso-inflacionario","status":"publish","type":"post","link":"https:\/\/pldaldia.com\/portada\/prepararnos-para-proceso-inflacionario\/","title":{"rendered":"Prepararnos para proceso inflacionario"},"content":{"rendered":"<p>Tem\u00edstocles Mont\u00e1s confirma que el conflicto internacional repercute en la calidad de vida de Rep\u00fablica Dominicana.<\/p>\n<p>Tem\u00edstocles Mont\u00e1s, vicepresidente del Partido de la Liberaci\u00f3n Dominicana (PLD) afirm\u00f3 que mientras se mantenga el conflicto entre Estados Unidos, Israel e Ir\u00e1n, vamos a ver que los precios del petr\u00f3leo y sus derivados van a seguir altos y eso va a tener efecto en el costo de la vida en la Rep\u00fablica Dominicana.<\/p>\n<p>\u00abTodo eso tendr\u00e1 un efecto en la calidad y en el costo de la vida en la Rep\u00fablica Dominicana. Ya ustedes ver\u00e1n que eso se va a reflejar en incremento en los precios del transporte y con toda seguridad eso terminar\u00e1 reflej\u00e1ndose en los precios de la comida en la Rep\u00fablica Dominicana\u00bb, advirti\u00f3 el ex ministro de Econom\u00eda entrevistado en la sede nacional del PLD.<\/p>\n<p>Mont\u00e1s recomend\u00f3 que tenemos que prepararnos porque vamos a entrar en un proceso inflacionario.<\/p>\n<p>Revel\u00f3 que los datos del Banco Central del \u00faltimo mes indican que la presi\u00f3n de la inflaci\u00f3n est\u00e1 subiendo.<\/p>\n<p>Se\u00f1al\u00f3 que los altos precios internacionales seguir\u00e1n afectando el costo de la vida en la Rep\u00fablica Dominicana, generando presi\u00f3n sobre los productos de consumo y los servicios b\u00e1sicos.<\/p>\n<p>En ese sentido, consider\u00f3 que el escenario internacional tendr\u00e1 consecuencias directas sobre la econom\u00eda dominicana y sobre el bolsillo de la poblaci\u00f3n.<\/p>\n<p>La inflaci\u00f3n interanual en nuestro pa\u00eds cerr\u00f3 en 5.11 % el pasado mes de abril, rompiendo el l\u00edmite superior de la meta oficial del Banco Central (4.0 %<\/p>\n<p>Este incremento que se registra se atribuye al alza internacional del petr\u00f3leo y de los combustibles producto de los problemas en el Medio Oriente.<\/p>\n","protected":false},"excerpt":{"rendered":"<p>Tem\u00edstocles Mont\u00e1s confirma que el conflicto internacional repercute en la calidad de vida de Rep\u00fablica Dominicana. Tem\u00edstocles Mont\u00e1s, vicepresidente del Partido de la Liberaci\u00f3n Dominicana (PLD) afirm\u00f3 que mientras se mantenga el conflicto entre Estados Unidos, Israel e Ir\u00e1n, vamos a ver que los precios del petr\u00f3leo y sus derivados van a seguir altos y [&hellip;]<\/p>\n","protected":false},"author":1,"featured_media":88686,"comment_status":"open","ping_status":"open","sticky":false,"template":"","format":"standard","meta":{"tdm_status":"","tdm_grid_status":"","footnotes":""},"categories":[9],"tags":[],"_links":{"self":[{"href":"https:\/\/pldaldia.com\/portada\/wp-json\/wp\/v2\/posts\/88685"}],"collection":[{"href":"https:\/\/pldaldia.com\/portada\/wp-json\/wp\/v2\/posts"}],"about":[{"href":"https:\/\/pldaldia.com\/portada\/wp-json\/wp\/v2\/types\/post"}],"author":[{"embeddable":true,"href":"https:\/\/pldaldia.com\/portada\/wp-json\/wp\/v2\/users\/1"}],"replies":[{"embeddable":true,"href":"https:\/\/pldaldia.com\/portada\/wp-json\/wp\/v2\/comments?post=88685"}],"version-history":[{"count":1,"href":"https:\/\/pldaldia.com\/portada\/wp-json\/wp\/v2\/posts\/88685\/revisions"}],"predecessor-version":[{"id":88687,"href":"https:\/\/pldaldia.com\/portada\/wp-json\/wp\/v2\/posts\/88685\/revisions\/88687"}],"wp:featuredmedia":[{"embeddable":true,"href":"https:\/\/pldaldia.com\/portada\/wp-json\/wp\/v2\/media\/88686"}],"wp:attachment":[{"href":"https:\/\/pldaldia.com\/portada\/wp-json\/wp\/v2\/media?parent=88685"}],"wp:term":[{"taxonomy":"category","embeddable":true,"href":"https:\/\/pldaldia.com\/portada\/wp-json\/wp\/v2\/categories?post=88685"},{"taxonomy":"post_tag","embeddable":true,"href":"https:\/\/pldaldia.com\/portada\/wp-json\/wp\/v2\/tags?post=88685"}],"curies":[{"name":"wp","href":"https:\/\/api.w.org\/{rel}","templated":true}]}}