{"id":88688,"date":"2026-05-18T12:08:20","date_gmt":"2026-05-18T16:08:20","guid":{"rendered":"https:\/\/pldaldia.com\/portada\/?p=88688"},"modified":"2026-05-18T12:15:55","modified_gmt":"2026-05-18T16:15:55","slug":"por-que-no-se-ha-presentado-la-segunda-fase-del-caso-senasa-doc","status":"publish","type":"post","link":"https:\/\/pldaldia.com\/portada\/por-que-no-se-ha-presentado-la-segunda-fase-del-caso-senasa-doc\/","title":{"rendered":"\u00bfPor qu\u00e9 no se ha presentado la segunda fase del caso SeNaSa? | Video"},"content":{"rendered":"<p>PLD exige al Ministerio P\u00fablico presentar avances sobre SeNaSa 2.0<\/p>\n<p>El Partido de la Liberaci\u00f3n Dominicana hizo un llamado al Ministerio P\u00fablico para que presente al pa\u00eds los avances de la segunda fase de la investigaci\u00f3n del presunto desfalco multimillonario del SeNaSa denominado \u201cSeNaSa 2.0\u201d.<\/p>\n<p><a href=\"http:\/\/vanguardiadelpueblo.do\/wp-content\/uploads\/2026\/05\/5c183ba7-74b3-41dd-9ab9-fc810f15fccf.jpg\"><img decoding=\"async\" loading=\"lazy\" class=\"alignleft size-medium wp-image-239896\" src=\"http:\/\/vanguardiadelpueblo.do\/wp-content\/uploads\/2026\/05\/5c183ba7-74b3-41dd-9ab9-fc810f15fccf-480x293.jpg\" alt=\"\" width=\"480\" height=\"293\" \/><\/a>La solicitud fue hecha por la representaci\u00f3n del Comit\u00e9 Pol\u00edtico, las Secretar\u00edas de Asuntos Jur\u00eddicos, Salud y Seguridad Social, en la rueda de prensa de los lunes realizada en la Casa Nacional Reinaldo Pared P\u00e9rez y en la que fungi\u00f3 de vocero principal, Jos\u00e9 Dantes D\u00edaz, miembro del Comit\u00e9 Pol\u00edtico, teniendo a su lado a Winston Santos, Rafael P\u00e9rez Modesto y el Edison Adames, de la Secretar\u00eda de Seguridad Social, Rafael Gonz\u00e1lez y Patricia Veras, de la Secretar\u00eda de Salud.<\/p>\n<p>La organizaci\u00f3n pol\u00edtica record\u00f3 que, en el marco de la investigaci\u00f3n inicial, fueron sometidos algunos funcionarios y empresarios acusados de corrupci\u00f3n y de operar estructuras fraudulentas dentro del Seguro Nacional de Salud.<\/p>\n<p>Sin embargo, posteriormente el propio Ministerio P\u00fablico inform\u00f3 que dichas investigaciones hab\u00edan revelado una red m\u00e1s amplia que particip\u00f3 en las irregularidades y sustracci\u00f3n de fondos p\u00fablicos. Por esa raz\u00f3n, se habl\u00f3 de una segunda fase de investigaci\u00f3n y sometimientos judiciales y el pa\u00eds sigue esperando la conclusi\u00f3n de esa investigaci\u00f3n. \u201cHoy parecer\u00eda que se intenta jugar al olvido para que no se conozca el alcance real del desfalco, se explica en un documento, copia del cual fue entregado a los representantes de los medios.<\/p>\n<p><a href=\"http:\/\/vanguardiadelpueblo.do\/wp-content\/uploads\/2026\/05\/278205ce-d728-4d3f-a79d-c69e613379be.jpg\"><img decoding=\"async\" loading=\"lazy\" class=\"size-medium wp-image-239897 alignright\" src=\"http:\/\/vanguardiadelpueblo.do\/wp-content\/uploads\/2026\/05\/278205ce-d728-4d3f-a79d-c69e613379be-480x271.jpg\" alt=\"\" width=\"480\" height=\"271\" \/><\/a>Se precisa que la ciudadan\u00eda tiene derecho a saber qu\u00e9 ocurri\u00f3 con los recursos destinados a millones de dominicanos afiliados a SeNaSa y qui\u00e9nes son los responsables y beneficiarios finales del desfalco detectado, que a\u00fan no han sido sometidos a la justicia.<\/p>\n<p>Refiere que el presidente Luis Abinader afirm\u00f3 p\u00fablicamente en su discurso de rendici\u00f3n de cuentas de este a\u00f1o, que las im\u00e1genes diagn\u00f3sticas m\u00e9dicas pasaron de 2 millones 451 mil a m\u00e1s de 4 millones 338 mil en 5 a\u00f1os, mientras que las cirug\u00edas aumentaron de 356 mil a m\u00e1s de 629 mil procedimientos.<\/p>\n<p>Son cifras que llaman la atenci\u00f3n y que requieren una explicaci\u00f3n seria, tomando en cuenta que Rep\u00fablica Dominicana tiene una poblaci\u00f3n aproximada de 11 millones de habitantes y que, luego del COVID, el pa\u00eds no ha atravesado ninguna crisis pand\u00e9mica ni epidemiol\u00f3gica extraordinaria que justificara un aumento tan elevado de procedimientos m\u00e9dicos y quir\u00fargicos, se agrega.<\/p>\n<p><a href=\"http:\/\/vanguardiadelpueblo.do\/wp-content\/uploads\/2026\/05\/9f097b8b-3b01-48ff-a4ef-23c606df37ea.jpg\"><img decoding=\"async\" loading=\"lazy\" class=\"alignleft size-medium wp-image-239894\" src=\"http:\/\/vanguardiadelpueblo.do\/wp-content\/uploads\/2026\/05\/9f097b8b-3b01-48ff-a4ef-23c606df37ea-480x248.jpg\" alt=\"\" width=\"480\" height=\"248\" \/><\/a>Resalta que un elemento m\u00e1s grave i indignante es que gran parte de los recursos destinados a medicamentos, tratamientos y atenci\u00f3n de salud para millones de dominicanos, especialmente los m\u00e1s pobres, terminar\u00e1n presuntamente financiando estructuras pol\u00edticas y la pasada campa\u00f1a del partido de gobierno, seg\u00fan interrogatorios y l\u00edneas investigativas contenidas en el propio expediente del ministerio p\u00fablico.<\/p>\n<p>Por eso el PLD exige que esta investigaci\u00f3n no se limite a mandos medios, proveedores de salud o figuras operativas, sino que debe llegar hasta todo el componente pol\u00edtico-electoral de esta estructura que, \u201cevidentemente, hasta la fecha ha sido tratado con pa\u00f1os tibios\u201d.<\/p>\n<p>En consecuencia, reiter\u00f3 formalmente que el Ministerio P\u00fablico informe al pa\u00eds sobre el estado actual de la investigaci\u00f3n del caso \u201cSeNaSa\u201d, precise cu\u00e1les diligencias se han realizado y explique por qu\u00e9 no se ha presentado la segunda fase anunciada.<\/p>\n<p>Ampliar Aqui: <a href=\"http:\/\/vanguardiadelpueblo.do\/wp-content\/uploads\/2026\/05\/Doc.-RdPDir.-PLD-18-05-2026-pdf.io_.pdf\">Doc. RdPDir. PLD, 18-05-2026 <\/a><\/p>\n<p><iframe loading=\"lazy\" style=\"border: none; overflow: hidden;\" src=\"https:\/\/www.facebook.com\/plugins\/video.php?height=306&amp;href=https%3A%2F%2Fwww.facebook.com%2Freel%2F825188670293899%2F&amp;show_text=false&amp;width=560&amp;t=0\" width=\"560\" height=\"306\" frameborder=\"0\" scrolling=\"no\" allowfullscreen=\"allowfullscreen\"><\/iframe><\/p>\n","protected":false},"excerpt":{"rendered":"<p>PLD exige al Ministerio P\u00fablico presentar avances sobre SeNaSa 2.0 El Partido de la Liberaci\u00f3n Dominicana hizo un llamado al Ministerio P\u00fablico para que presente al pa\u00eds los avances de la segunda fase de la investigaci\u00f3n del presunto desfalco multimillonario del SeNaSa denominado \u201cSeNaSa 2.0\u201d. La solicitud fue hecha por la representaci\u00f3n del Comit\u00e9 Pol\u00edtico, [&hellip;]<\/p>\n","protected":false},"author":1,"featured_media":88692,"comment_status":"open","ping_status":"open","sticky":false,"template":"","format":"standard","meta":{"tdm_status":"","tdm_grid_status":"","footnotes":""},"categories":[9],"tags":[],"_links":{"self":[{"href":"https:\/\/pldaldia.com\/portada\/wp-json\/wp\/v2\/posts\/88688"}],"collection":[{"href":"https:\/\/pldaldia.com\/portada\/wp-json\/wp\/v2\/posts"}],"about":[{"href":"https:\/\/pldaldia.com\/portada\/wp-json\/wp\/v2\/types\/post"}],"author":[{"embeddable":true,"href":"https:\/\/pldaldia.com\/portada\/wp-json\/wp\/v2\/users\/1"}],"replies":[{"embeddable":true,"href":"https:\/\/pldaldia.com\/portada\/wp-json\/wp\/v2\/comments?post=88688"}],"version-history":[{"count":2,"href":"https:\/\/pldaldia.com\/portada\/wp-json\/wp\/v2\/posts\/88688\/revisions"}],"predecessor-version":[{"id":88691,"href":"https:\/\/pldaldia.com\/portada\/wp-json\/wp\/v2\/posts\/88688\/revisions\/88691"}],"wp:featuredmedia":[{"embeddable":true,"href":"https:\/\/pldaldia.com\/portada\/wp-json\/wp\/v2\/media\/88692"}],"wp:attachment":[{"href":"https:\/\/pldaldia.com\/portada\/wp-json\/wp\/v2\/media?parent=88688"}],"wp:term":[{"taxonomy":"category","embeddable":true,"href":"https:\/\/pldaldia.com\/portada\/wp-json\/wp\/v2\/categories?post=88688"},{"taxonomy":"post_tag","embeddable":true,"href":"https:\/\/pldaldia.com\/portada\/wp-json\/wp\/v2\/tags?post=88688"}],"curies":[{"name":"wp","href":"https:\/\/api.w.org\/{rel}","templated":true}]}}