{"id":88693,"date":"2026-05-18T15:01:55","date_gmt":"2026-05-18T19:01:55","guid":{"rendered":"https:\/\/pldaldia.com\/portada\/?p=88693"},"modified":"2026-05-18T15:01:55","modified_gmt":"2026-05-18T19:01:55","slug":"danilo-medina-juramenta-dirigentes-que-regresan-al-pld","status":"publish","type":"post","link":"https:\/\/pldaldia.com\/portada\/danilo-medina-juramenta-dirigentes-que-regresan-al-pld\/","title":{"rendered":"Danilo Medina juramenta dirigentes que regresan al PLD"},"content":{"rendered":"<p>Regresan al Partido de la Liberaci\u00f3n Dominicana Job Gull\u00f3n y Sim\u00f3n De Jes\u00fas Morel del distrito municipal Guayabal, Pu\u00f1al, provincia Santiago<\/p>\n<p>Regresaron a su militancia en el Partido de la Liberaci\u00f3n Dominicana (PLD) Job Gull\u00f3n, ex presidente de la organizaci\u00f3n en Guayabal, Pu\u00f1al, quien hab\u00eda pasado a otro partido pol\u00edtico, lo mismo que Sim\u00f3n De Jes\u00fas Morel, presidente del Comit\u00e9 Intermedio.<\/p>\n<p>Ambos se acogieron al programa De Vuelta a Casa del Partido de la Liberaci\u00f3n Dominicana, que ha motivado el regreso al PLD de cientos de dirigentes, quienes, en un momento de confusi\u00f3n, pasaron a otros partidos.<\/p>\n<p>El expresidente Danilo Medina, Presidente del PLD, les tom\u00f3 el juramento a ambos en un encuentro realizado en las oficinas de trabajo del ex mandatario.<\/p>\n<p>Juraron ser leal al partido y respetar sus Estatutos y Reglamentos, al tiempo de sentir regocijo por volver a la casa que les alberg\u00f3 como dirigentes pol\u00edticos y se formaron en las lides pol\u00edticas.<\/p>\n<p><a href=\"http:\/\/vanguardiadelpueblo.do\/wp-content\/uploads\/2026\/05\/WhatsApp-Image-2026-05-18-at-2.54.27-PM-3.jpeg\"><img decoding=\"async\" loading=\"lazy\" class=\"size-medium wp-image-239905 alignright\" src=\"http:\/\/vanguardiadelpueblo.do\/wp-content\/uploads\/2026\/05\/WhatsApp-Image-2026-05-18-at-2.54.27-PM-3-422x320.jpeg\" alt=\"\" width=\"422\" height=\"320\" \/><\/a>Gull\u00f3n viene de participar con el partido Fuerza del Pueblo y Sim\u00f3n De Jes\u00fas Morel en Justicia Social.<\/p>\n<p>Los dirigentes Luis Jos\u00e9 Est\u00e9vez, miembro del Comit\u00e9 Central, Carlos V\u00e1squez, regidor del distrito municipal Guayabal y El\u00edas Cornelio, miembro del Comit\u00e9 Pol\u00edtico, acompa\u00f1aron a los juramentados al momento solemne de sus reingresos al PLD.<\/p>\n<p>Una verdadera avalancha humana ha recibido el Partido de la Liberaci\u00f3n Dominicana en los \u00faltimos meses, que ha llevado a organizar miles de nuevos miembros, en su mayor\u00eda j\u00f3venes, y otros tantos que regresan a las filas pelede\u00edsta, como sucedi\u00f3 en la provincia El\u00edas Pi\u00f1a, el pasado domingo en la que se juramentaron alrededor de 200 personas.<\/p>\n","protected":false},"excerpt":{"rendered":"<p>Regresan al Partido de la Liberaci\u00f3n Dominicana Job Gull\u00f3n y Sim\u00f3n De Jes\u00fas Morel del distrito municipal Guayabal, Pu\u00f1al, provincia Santiago Regresaron a su militancia en el Partido de la Liberaci\u00f3n Dominicana (PLD) Job Gull\u00f3n, ex presidente de la organizaci\u00f3n en Guayabal, Pu\u00f1al, quien hab\u00eda pasado a otro partido pol\u00edtico, lo mismo que Sim\u00f3n De [&hellip;]<\/p>\n","protected":false},"author":1,"featured_media":88694,"comment_status":"open","ping_status":"open","sticky":false,"template":"","format":"standard","meta":{"tdm_status":"","tdm_grid_status":"","footnotes":""},"categories":[9],"tags":[],"_links":{"self":[{"href":"https:\/\/pldaldia.com\/portada\/wp-json\/wp\/v2\/posts\/88693"}],"collection":[{"href":"https:\/\/pldaldia.com\/portada\/wp-json\/wp\/v2\/posts"}],"about":[{"href":"https:\/\/pldaldia.com\/portada\/wp-json\/wp\/v2\/types\/post"}],"author":[{"embeddable":true,"href":"https:\/\/pldaldia.com\/portada\/wp-json\/wp\/v2\/users\/1"}],"replies":[{"embeddable":true,"href":"https:\/\/pldaldia.com\/portada\/wp-json\/wp\/v2\/comments?post=88693"}],"version-history":[{"count":1,"href":"https:\/\/pldaldia.com\/portada\/wp-json\/wp\/v2\/posts\/88693\/revisions"}],"predecessor-version":[{"id":88695,"href":"https:\/\/pldaldia.com\/portada\/wp-json\/wp\/v2\/posts\/88693\/revisions\/88695"}],"wp:featuredmedia":[{"embeddable":true,"href":"https:\/\/pldaldia.com\/portada\/wp-json\/wp\/v2\/media\/88694"}],"wp:attachment":[{"href":"https:\/\/pldaldia.com\/portada\/wp-json\/wp\/v2\/media?parent=88693"}],"wp:term":[{"taxonomy":"category","embeddable":true,"href":"https:\/\/pldaldia.com\/portada\/wp-json\/wp\/v2\/categories?post=88693"},{"taxonomy":"post_tag","embeddable":true,"href":"https:\/\/pldaldia.com\/portada\/wp-json\/wp\/v2\/tags?post=88693"}],"curies":[{"name":"wp","href":"https:\/\/api.w.org\/{rel}","templated":true}]}}