{"id":88696,"date":"2026-05-18T22:48:19","date_gmt":"2026-05-19T02:48:19","guid":{"rendered":"https:\/\/pldaldia.com\/portada\/?p=88696"},"modified":"2026-05-18T22:48:19","modified_gmt":"2026-05-19T02:48:19","slug":"dia-mundial-del-medico-de-familia-4","status":"publish","type":"post","link":"https:\/\/pldaldia.com\/portada\/dia-mundial-del-medico-de-familia-4\/","title":{"rendered":"D\u00eda Mundial del M\u00e9dico de Familia"},"content":{"rendered":"<p>El 19 de mayo rendimos un merecido homenaje a aquellos especialistas en Medicina de Familia y Comunitaria que brindan asistencia m\u00e9dica integral a las personas. Celebramos el D\u00eda Mundial del M\u00e9dico de Familia.<\/p>\n","protected":false},"excerpt":{"rendered":"<p>El 19 de mayo rendimos un merecido homenaje a aquellos especialistas en Medicina de Familia y Comunitaria que brindan asistencia m\u00e9dica integral a las personas. Celebramos el D\u00eda Mundial del M\u00e9dico de Familia.<\/p>\n","protected":false},"author":1,"featured_media":88697,"comment_status":"open","ping_status":"open","sticky":false,"template":"","format":"standard","meta":{"tdm_status":"","tdm_grid_status":"","footnotes":""},"categories":[57],"tags":[],"_links":{"self":[{"href":"https:\/\/pldaldia.com\/portada\/wp-json\/wp\/v2\/posts\/88696"}],"collection":[{"href":"https:\/\/pldaldia.com\/portada\/wp-json\/wp\/v2\/posts"}],"about":[{"href":"https:\/\/pldaldia.com\/portada\/wp-json\/wp\/v2\/types\/post"}],"author":[{"embeddable":true,"href":"https:\/\/pldaldia.com\/portada\/wp-json\/wp\/v2\/users\/1"}],"replies":[{"embeddable":true,"href":"https:\/\/pldaldia.com\/portada\/wp-json\/wp\/v2\/comments?post=88696"}],"version-history":[{"count":1,"href":"https:\/\/pldaldia.com\/portada\/wp-json\/wp\/v2\/posts\/88696\/revisions"}],"predecessor-version":[{"id":88699,"href":"https:\/\/pldaldia.com\/portada\/wp-json\/wp\/v2\/posts\/88696\/revisions\/88699"}],"wp:featuredmedia":[{"embeddable":true,"href":"https:\/\/pldaldia.com\/portada\/wp-json\/wp\/v2\/media\/88697"}],"wp:attachment":[{"href":"https:\/\/pldaldia.com\/portada\/wp-json\/wp\/v2\/media?parent=88696"}],"wp:term":[{"taxonomy":"category","embeddable":true,"href":"https:\/\/pldaldia.com\/portada\/wp-json\/wp\/v2\/categories?post=88696"},{"taxonomy":"post_tag","embeddable":true,"href":"https:\/\/pldaldia.com\/portada\/wp-json\/wp\/v2\/tags?post=88696"}],"curies":[{"name":"wp","href":"https:\/\/api.w.org\/{rel}","templated":true}]}}