{"id":88700,"date":"2026-05-18T22:49:00","date_gmt":"2026-05-19T02:49:00","guid":{"rendered":"https:\/\/pldaldia.com\/portada\/?p=88700"},"modified":"2026-05-18T22:49:00","modified_gmt":"2026-05-19T02:49:00","slug":"se-espera-mayores-incrementos-de-precios","status":"publish","type":"post","link":"https:\/\/pldaldia.com\/portada\/se-espera-mayores-incrementos-de-precios\/","title":{"rendered":"Se espera mayores incrementos de precios"},"content":{"rendered":"<p>El vicepresidente del Partido de la Liberaci\u00f3n Dominicana (PLD), Tem\u00edstocles Mont\u00e1s, advirti\u00f3 que el pa\u00eds debe prepararse para entrar en un proceso inflacionario debido al impacto que tendr\u00eda el conflicto internacional entre Estados Unidos, Israel e Ir\u00e1n sobre los precios y el costo de la vida.<\/p>\n<p>Afirm\u00f3 que el aumento de las tensiones internacionales ya est\u00e1 teniendo efectos en la econom\u00eda y que eso terminar\u00e1 reflej\u00e1ndose en el incremento de los precios del transporte y de los alimentos en el pa\u00eds.<\/p>\n<p>\u201cTenemos que prepararnos porque vamos a entrar en un proceso inflacionario\u201d, expres\u00f3 el dirigente pol\u00edtico al referirse al comportamiento reciente de la econom\u00eda y al impacto de los precios internacionales.<\/p>\n","protected":false},"excerpt":{"rendered":"<p>El vicepresidente del Partido de la Liberaci\u00f3n Dominicana (PLD), Tem\u00edstocles Mont\u00e1s, advirti\u00f3 que el pa\u00eds debe prepararse para entrar en un proceso inflacionario debido al impacto que tendr\u00eda el conflicto internacional entre Estados Unidos, Israel e Ir\u00e1n sobre los precios y el costo de la vida. Afirm\u00f3 que el aumento de las tensiones internacionales ya [&hellip;]<\/p>\n","protected":false},"author":1,"featured_media":88698,"comment_status":"open","ping_status":"open","sticky":false,"template":"","format":"standard","meta":{"tdm_status":"","tdm_grid_status":"","footnotes":""},"categories":[50],"tags":[],"_links":{"self":[{"href":"https:\/\/pldaldia.com\/portada\/wp-json\/wp\/v2\/posts\/88700"}],"collection":[{"href":"https:\/\/pldaldia.com\/portada\/wp-json\/wp\/v2\/posts"}],"about":[{"href":"https:\/\/pldaldia.com\/portada\/wp-json\/wp\/v2\/types\/post"}],"author":[{"embeddable":true,"href":"https:\/\/pldaldia.com\/portada\/wp-json\/wp\/v2\/users\/1"}],"replies":[{"embeddable":true,"href":"https:\/\/pldaldia.com\/portada\/wp-json\/wp\/v2\/comments?post=88700"}],"version-history":[{"count":1,"href":"https:\/\/pldaldia.com\/portada\/wp-json\/wp\/v2\/posts\/88700\/revisions"}],"predecessor-version":[{"id":88702,"href":"https:\/\/pldaldia.com\/portada\/wp-json\/wp\/v2\/posts\/88700\/revisions\/88702"}],"wp:featuredmedia":[{"embeddable":true,"href":"https:\/\/pldaldia.com\/portada\/wp-json\/wp\/v2\/media\/88698"}],"wp:attachment":[{"href":"https:\/\/pldaldia.com\/portada\/wp-json\/wp\/v2\/media?parent=88700"}],"wp:term":[{"taxonomy":"category","embeddable":true,"href":"https:\/\/pldaldia.com\/portada\/wp-json\/wp\/v2\/categories?post=88700"},{"taxonomy":"post_tag","embeddable":true,"href":"https:\/\/pldaldia.com\/portada\/wp-json\/wp\/v2\/tags?post=88700"}],"curies":[{"name":"wp","href":"https:\/\/api.w.org\/{rel}","templated":true}]}}