{"id":88714,"date":"2026-05-19T09:19:35","date_gmt":"2026-05-19T13:19:35","guid":{"rendered":"https:\/\/pldaldia.com\/portada\/?p=88714"},"modified":"2026-05-19T09:19:35","modified_gmt":"2026-05-19T13:19:35","slug":"putin-inicia-visita-a-china","status":"publish","type":"post","link":"https:\/\/pldaldia.com\/portada\/putin-inicia-visita-a-china\/","title":{"rendered":"Putin inicia visita a China"},"content":{"rendered":"<p>El presidente ruso, Vlad\u00edmir Putin, inicia este martes su 25 visita a China, que llega poco despu\u00e9s de la del mandatario estadounidense, Donald Trump, y con una agenda centrada en la coordinaci\u00f3n ante crisis internacionales, el refuerzo de una asociaci\u00f3n presentada como factor de \u00abestabilidad\u00bb y con la esperanza de sellar acuerdos de exportaci\u00f3n de petr\u00f3leo y gas.<\/p>\n<p>La llegada del mandatario ruso se produce justo una semana despu\u00e9s del viaje de Trump a Pek\u00edn, una coincidencia que la prensa oficial china ha aprovechado para presentar a la capital china como \u00abepicentro de la diplomacia mundial\u00bb.<\/p>\n<p>Noti resumen internacional<\/p>\n<p>Luego de la multitudinaria marcha universitaria que estremeci\u00f3 a Argentina el pasado martes, ahora el personal de la salud ultima hoy los detalles para otra movilizaci\u00f3n profusa hacia Plaza de Mayo contra los recortes a los programas m\u00e9dicos<\/p>\n<p>\u2026\u2026\u2026\u2026\u2026<\/p>\n<p>Con m\u00e1s de 100 manifestantes aprehendidos la v\u00edspera en La Paz durante una protesta que exig\u00eda la renuncia del presidente de Bolivia, Rodrigo Paz, la tensi\u00f3n pol\u00edtica prevalece hoy en la capital del pa\u00eds.<\/p>\n<p>\u2026\u2026\u2026\u2026..<br \/>\nOrganizaciones sociales de Ecuador presentar\u00e1n hoy ante la Corte Constitucional un pedido para que se declare inconstitucional el acuerdo comercial suscrito con Estados Unidos, por considerar que compromete la soberan\u00eda nacional.<\/p>\n<p>\u2026\u2026\u2026\u2026\u2026.<\/p>\n<p>Los ministros de Asuntos Exteriores de Espa\u00f1a y otros ocho pa\u00edses, condenaron hoy en \u201clos t\u00e9rminos m\u00e1s en\u00e9rgicos\u201d los ataques de Israel contra la flotilla humanitaria que llevaba ayuda a Gaza.<\/p>\n","protected":false},"excerpt":{"rendered":"<p>El presidente ruso, Vlad\u00edmir Putin, inicia este martes su 25 visita a China, que llega poco despu\u00e9s de la del mandatario estadounidense, Donald Trump, y con una agenda centrada en la coordinaci\u00f3n ante crisis internacionales, el refuerzo de una asociaci\u00f3n presentada como factor de \u00abestabilidad\u00bb y con la esperanza de sellar acuerdos de exportaci\u00f3n de [&hellip;]<\/p>\n","protected":false},"author":1,"featured_media":88715,"comment_status":"open","ping_status":"open","sticky":false,"template":"","format":"standard","meta":{"tdm_status":"","tdm_grid_status":"","footnotes":""},"categories":[51],"tags":[],"_links":{"self":[{"href":"https:\/\/pldaldia.com\/portada\/wp-json\/wp\/v2\/posts\/88714"}],"collection":[{"href":"https:\/\/pldaldia.com\/portada\/wp-json\/wp\/v2\/posts"}],"about":[{"href":"https:\/\/pldaldia.com\/portada\/wp-json\/wp\/v2\/types\/post"}],"author":[{"embeddable":true,"href":"https:\/\/pldaldia.com\/portada\/wp-json\/wp\/v2\/users\/1"}],"replies":[{"embeddable":true,"href":"https:\/\/pldaldia.com\/portada\/wp-json\/wp\/v2\/comments?post=88714"}],"version-history":[{"count":1,"href":"https:\/\/pldaldia.com\/portada\/wp-json\/wp\/v2\/posts\/88714\/revisions"}],"predecessor-version":[{"id":88716,"href":"https:\/\/pldaldia.com\/portada\/wp-json\/wp\/v2\/posts\/88714\/revisions\/88716"}],"wp:featuredmedia":[{"embeddable":true,"href":"https:\/\/pldaldia.com\/portada\/wp-json\/wp\/v2\/media\/88715"}],"wp:attachment":[{"href":"https:\/\/pldaldia.com\/portada\/wp-json\/wp\/v2\/media?parent=88714"}],"wp:term":[{"taxonomy":"category","embeddable":true,"href":"https:\/\/pldaldia.com\/portada\/wp-json\/wp\/v2\/categories?post=88714"},{"taxonomy":"post_tag","embeddable":true,"href":"https:\/\/pldaldia.com\/portada\/wp-json\/wp\/v2\/tags?post=88714"}],"curies":[{"name":"wp","href":"https:\/\/api.w.org\/{rel}","templated":true}]}}