{"id":88730,"date":"2026-05-19T13:31:44","date_gmt":"2026-05-19T17:31:44","guid":{"rendered":"https:\/\/pldaldia.com\/portada\/?p=88730"},"modified":"2026-05-19T13:31:44","modified_gmt":"2026-05-19T17:31:44","slug":"tributo-al-cnel-rafael-tomas-fernandez-dominguez-video","status":"publish","type":"post","link":"https:\/\/pldaldia.com\/portada\/tributo-al-cnel-rafael-tomas-fernandez-dominguez-video\/","title":{"rendered":"Tributo al Cnel.  Rafael Tomas Fern\u00e1ndez Dom\u00ednguez | Video"},"content":{"rendered":"<p>El PLD reconoce al coronel Rafael Tomas Fern\u00e1ndez Dom\u00ednguez en el 61 aniversario de su muerte en el intento por tomar el Palacio Nacional en manos de las tropas invasoras.<\/p>\n<p>El Partido de la Liberaci\u00f3n Dominicana (PLD) tributa este d\u00eda al coronel Rafael Tom\u00e1s Fern\u00e1ndez Dom\u00ednguez, quien falleciera un d\u00eda como hoy, 19 mayo del a\u00f1o 1965, en el intento por tomar el Palacio Nacional en manos de las tropas invasoras, en el transcurso de la Revoluci\u00f3n de Abril.<\/p>\n<p>En un conversatorio con dirigentes de la organizaci\u00f3n y el personal de la sede nacional del PLD, Rafael P\u00e9rez Modesto, historiador y miembro del Comit\u00e9 Central pelede\u00edsta resalt\u00f3 la haza\u00f1a del militar, l\u00edder de los constitucionalistas, quienes lucharon por el retorno del profesor Juan Bosch a la presidencia de la Rep\u00fablica.<\/p>\n<p>\u201cEl movimiento militar con respaldo popular que origin\u00f3 la guerra de abril de 1965, fue encabezado por el coronel Rafael Tomas Fern\u00e1ndez Dom\u00ednguez y orientado directamente por el Profesor Juan Bosch\u201d, explic\u00f3 P\u00e9rez Modesto al ponderar los v\u00ednculos del entonces joven militar con el presidente Bosch, teniendo en el fondo de su exposici\u00f3n una fotograf\u00eda de Fern\u00e1ndez Dom\u00ednguez al lado de Bosch.<\/p>\n<p><a href=\"http:\/\/vanguardiadelpueblo.do\/wp-content\/uploads\/2026\/05\/264780a4-1e7c-463b-a8d3-a1f26c70d02f.jpg\"><img decoding=\"async\" loading=\"lazy\" class=\"alignleft size-medium wp-image-239947\" src=\"http:\/\/vanguardiadelpueblo.do\/wp-content\/uploads\/2026\/05\/264780a4-1e7c-463b-a8d3-a1f26c70d02f-370x320.jpg\" alt=\"\" width=\"370\" height=\"320\" \/><\/a>Destac\u00f3 su incuestionable vocaci\u00f3n democr\u00e1tica, su lealtad a la Constituci\u00f3n y su desprendimiento, al no buscar ventajas personales a trav\u00e9s de su posici\u00f3n militar.<\/p>\n<p>Una caracter\u00edstica resaltada por Rafael P\u00e9rez Modesto en el conversatorio homenaje al coronel Tomas Rafael Fern\u00e1ndez Dom\u00ednguez es su valent\u00eda y su rol como ide\u00f3logo en los preparativos del contragolpe y durante la misma Revoluci\u00f3n de abril de 1965, ofrendando su vida en combate el 19 de mayo de ese a\u00f1o frente a tropas interventoras en el Palacio Nacional.<\/p>\n<p>Los aportes de este h\u00e9roe nacional en la defensa de la soberan\u00eda hist\u00f3ricamente han sido reconocidos por el PLD, designando locales de esa organizaci\u00f3n con su nombre y present\u00e1ndolo como ejemplo en las generaciones siguientes<\/p>\n<p>El coronel Rafael Tomas Fern\u00e1ndez Dom\u00ednguez, hab\u00eda sido nombrado ministro de Interior y Polic\u00eda en el Gabinete designado por el Gobierno Constitucionalista presidido por el coronel Francisco Alberto Caama\u00f1o De\u00f1\u00f3, por fin logr\u00f3 entrar al pa\u00eds despu\u00e9s de varios intentos, el d\u00eda 14 de mayo de 1965 mientras se realizaban negociaciones entre el gobierno constitucionalista de Caama\u00f1o y los representantes de las fuerzas estadounidenses que hab\u00edan invadido el pa\u00eds.<\/p>\n<p>El valiente militar dominicano muri\u00f3 junto Juan Miguel Rom\u00e1n, Euclides Morillo, y el entrenador militar italiano Ilio Capocci, entre otros constitucionalistas.<\/p>\n<p>Juan Bosch resalt\u00f3 siempre las condiciones militares y determinaci\u00f3n del coronel Rafael Tom\u00e1s Fern\u00e1ndez Dom\u00ednguez, aprecio que lleva al PLD a honrar su nombre designando los Comit\u00e9s Intermedios en la Capital y en provincias son su nombre.<\/p>\n<p><iframe loading=\"lazy\" title=\"En 61 aniversario de su ca\u00edda en combate, el PLD rinde tributo al soldado de la Patria. Fern\u00e1ndez D.\" src=\"https:\/\/www.youtube.com\/embed\/SRekIJZGLYU\" width=\"700\" height=\"450\" frameborder=\"0\" allowfullscreen=\"allowfullscreen\"><\/iframe><\/p>\n","protected":false},"excerpt":{"rendered":"<p>El PLD reconoce al coronel Rafael Tomas Fern\u00e1ndez Dom\u00ednguez en el 61 aniversario de su muerte en el intento por tomar el Palacio Nacional en manos de las tropas invasoras. El Partido de la Liberaci\u00f3n Dominicana (PLD) tributa este d\u00eda al coronel Rafael Tom\u00e1s Fern\u00e1ndez Dom\u00ednguez, quien falleciera un d\u00eda como hoy, 19 mayo del [&hellip;]<\/p>\n","protected":false},"author":1,"featured_media":88731,"comment_status":"open","ping_status":"open","sticky":false,"template":"","format":"standard","meta":{"tdm_status":"","tdm_grid_status":"","footnotes":""},"categories":[9],"tags":[],"_links":{"self":[{"href":"https:\/\/pldaldia.com\/portada\/wp-json\/wp\/v2\/posts\/88730"}],"collection":[{"href":"https:\/\/pldaldia.com\/portada\/wp-json\/wp\/v2\/posts"}],"about":[{"href":"https:\/\/pldaldia.com\/portada\/wp-json\/wp\/v2\/types\/post"}],"author":[{"embeddable":true,"href":"https:\/\/pldaldia.com\/portada\/wp-json\/wp\/v2\/users\/1"}],"replies":[{"embeddable":true,"href":"https:\/\/pldaldia.com\/portada\/wp-json\/wp\/v2\/comments?post=88730"}],"version-history":[{"count":1,"href":"https:\/\/pldaldia.com\/portada\/wp-json\/wp\/v2\/posts\/88730\/revisions"}],"predecessor-version":[{"id":88732,"href":"https:\/\/pldaldia.com\/portada\/wp-json\/wp\/v2\/posts\/88730\/revisions\/88732"}],"wp:featuredmedia":[{"embeddable":true,"href":"https:\/\/pldaldia.com\/portada\/wp-json\/wp\/v2\/media\/88731"}],"wp:attachment":[{"href":"https:\/\/pldaldia.com\/portada\/wp-json\/wp\/v2\/media?parent=88730"}],"wp:term":[{"taxonomy":"category","embeddable":true,"href":"https:\/\/pldaldia.com\/portada\/wp-json\/wp\/v2\/categories?post=88730"},{"taxonomy":"post_tag","embeddable":true,"href":"https:\/\/pldaldia.com\/portada\/wp-json\/wp\/v2\/tags?post=88730"}],"curies":[{"name":"wp","href":"https:\/\/api.w.org\/{rel}","templated":true}]}}