{"id":88735,"date":"2026-05-19T15:29:41","date_gmt":"2026-05-19T19:29:41","guid":{"rendered":"https:\/\/pldaldia.com\/portada\/?p=88735"},"modified":"2026-05-19T15:29:41","modified_gmt":"2026-05-19T19:29:41","slug":"aumentos-afectan-directamente-a-familias-mipymes-y-pequenos-negocios","status":"publish","type":"post","link":"https:\/\/pldaldia.com\/portada\/aumentos-afectan-directamente-a-familias-mipymes-y-pequenos-negocios\/","title":{"rendered":"Aumentos afectan directamente a familias, Mipymes y peque\u00f1os negocios"},"content":{"rendered":"<p>El titular de la Secretar\u00eda de Participaci\u00f3n Comunitaria del Partido de la Liberaci\u00f3n Dominicana (PLD), Dilen Montero, expres\u00f3 su preocupaci\u00f3n ante las constantes alzas en los precios de los combustibles, asegurando que \u201clas comunidades ya no aguantan medio centavo m\u00e1s\u201d.<\/p>\n<p>A trav\u00e9s de una publicaci\u00f3n en su cuenta de X, Montero sostuvo que las familias dominicanas y los peque\u00f1os negocios est\u00e1n recibiendo \u201cun golpe semanal que ya es imposible soportar\u201d, debido al impacto que generan los aumentos en toda la cadena de costos de la vida diaria.<\/p>\n<p>El dirigente pelede\u00edsta critic\u00f3 la pr\u00e1ctica alcista a la que, seg\u00fan afirm\u00f3, ha recurrido el gobierno del presidente Luis Abinader, justific\u00e1ndose en las tensiones internacionales y el conflicto en Ir\u00e1n para aumentar los precios de los combustibles.<\/p>\n<p>\u201cLas comunidades sienten en carne propia y de manera inmediata el alza de todos los productos de primera necesidad\u201d, indic\u00f3 Montero, al tiempo que explic\u00f3 que los comercios locales, Mipymes y otras iniciativas comunitarias tambi\u00e9n est\u00e1n siendo severamente afectados.<\/p>\n<p>Se\u00f1al\u00f3 que desde vendedores informales hasta peque\u00f1os negocios establecidos enfrentan mayores costos operativos, especialmente por los apagones el\u00e9ctricos que obligan a muchos comerciantes a comprar gasolina para mantener funcionando sus plantas el\u00e9ctricas.<\/p>\n<p>\u201cDesde el marchante que vende empanadas hasta los salones de belleza, todos terminan trasladando esos costos al bolsillo de las comunidades\u201d, expres\u00f3.<\/p>\n<p>Montero consider\u00f3 que la empat\u00eda debe existir \u201cen partida doble\u201d: por un lado, el pueblo haciendo esfuerzos para comprender el contexto internacional y, por otro, el gobierno protegiendo a la ciudadan\u00eda y evitando abusar de dicho escenario global para justificar incrementos constantes en los combustibles.<\/p>\n<p>\u201cLos precios de los combustibles afectan a todos los dem\u00e1s costos. \u00a1Ya basta!\u201d, concluy\u00f3 el dirigente pol\u00edtico.<\/p>\n","protected":false},"excerpt":{"rendered":"<p>El titular de la Secretar\u00eda de Participaci\u00f3n Comunitaria del Partido de la Liberaci\u00f3n Dominicana (PLD), Dilen Montero, expres\u00f3 su preocupaci\u00f3n ante las constantes alzas en los precios de los combustibles, asegurando que \u201clas comunidades ya no aguantan medio centavo m\u00e1s\u201d. A trav\u00e9s de una publicaci\u00f3n en su cuenta de X, Montero sostuvo que las familias [&hellip;]<\/p>\n","protected":false},"author":1,"featured_media":88736,"comment_status":"open","ping_status":"open","sticky":false,"template":"","format":"standard","meta":{"tdm_status":"","tdm_grid_status":"","footnotes":""},"categories":[9],"tags":[],"_links":{"self":[{"href":"https:\/\/pldaldia.com\/portada\/wp-json\/wp\/v2\/posts\/88735"}],"collection":[{"href":"https:\/\/pldaldia.com\/portada\/wp-json\/wp\/v2\/posts"}],"about":[{"href":"https:\/\/pldaldia.com\/portada\/wp-json\/wp\/v2\/types\/post"}],"author":[{"embeddable":true,"href":"https:\/\/pldaldia.com\/portada\/wp-json\/wp\/v2\/users\/1"}],"replies":[{"embeddable":true,"href":"https:\/\/pldaldia.com\/portada\/wp-json\/wp\/v2\/comments?post=88735"}],"version-history":[{"count":1,"href":"https:\/\/pldaldia.com\/portada\/wp-json\/wp\/v2\/posts\/88735\/revisions"}],"predecessor-version":[{"id":88737,"href":"https:\/\/pldaldia.com\/portada\/wp-json\/wp\/v2\/posts\/88735\/revisions\/88737"}],"wp:featuredmedia":[{"embeddable":true,"href":"https:\/\/pldaldia.com\/portada\/wp-json\/wp\/v2\/media\/88736"}],"wp:attachment":[{"href":"https:\/\/pldaldia.com\/portada\/wp-json\/wp\/v2\/media?parent=88735"}],"wp:term":[{"taxonomy":"category","embeddable":true,"href":"https:\/\/pldaldia.com\/portada\/wp-json\/wp\/v2\/categories?post=88735"},{"taxonomy":"post_tag","embeddable":true,"href":"https:\/\/pldaldia.com\/portada\/wp-json\/wp\/v2\/tags?post=88735"}],"curies":[{"name":"wp","href":"https:\/\/api.w.org\/{rel}","templated":true}]}}