{"id":88742,"date":"2026-05-20T10:01:00","date_gmt":"2026-05-20T14:01:00","guid":{"rendered":"https:\/\/pldaldia.com\/portada\/?p=88742"},"modified":"2026-05-20T10:01:00","modified_gmt":"2026-05-20T14:01:00","slug":"bloque-parlamentario-del-pld-quiere-que-camara-baja-invite-al-canciller-para-que-explique-acuerdo-que-permitiria-recibir-deportados-de-otros-paises-en-el-pais","status":"publish","type":"post","link":"https:\/\/pldaldia.com\/portada\/bloque-parlamentario-del-pld-quiere-que-camara-baja-invite-al-canciller-para-que-explique-acuerdo-que-permitiria-recibir-deportados-de-otros-paises-en-el-pais\/","title":{"rendered":"Bloque parlamentario del PLD quiere que C\u00e1mara Baja invite al Canciller para que explique  acuerdo que permitir\u00eda recibir deportados de otros pa\u00edses  en el pa\u00eds"},"content":{"rendered":"<p>El bloque de diputados del Partido de la Liberaci\u00f3n Dominicana (PLD) someti\u00f3  un proyecto de resoluci\u00f3n que busca invitar  al congreso al ministro de Relaciones Exteriores, Roberto \u00c1lvarez, para que explique con m\u00e1s detalles el acuerdo con Estados Unidos que permitir\u00eda recibir deportados en el pa\u00eds.<\/p>\n<p>El vocero del PLD en la C\u00e1mara de Diputados, Gustavo S\u00e1nchez, dijo que la citaci\u00f3n busca que \u00c1lvarez explique los compromisos internacionales que est\u00e1 asumiendo el pa\u00eds y sus implicaciones para la poblaci\u00f3n.<\/p>\n<p>\u00abNo estamos aqu\u00ed para oponernos a la cooperaci\u00f3n internacional. La cooperaci\u00f3n internacional es leg\u00edtima, necesaria y forma parte de las relaciones modernas entre Estados soberanos\u00bb, aclar\u00f3 S\u00e1nchez al argumentar que, aun as\u00ed, el Congreso tiene la tarea de fiscalizar las m\u00e1s recientes actuaciones de la Canciller\u00eda.<\/p>\n<p>En ese orden, dijo que temas como la instalaci\u00f3n de operaciones estrat\u00e9gicas, la presencia temporal de extranjeros y la deportaci\u00f3n de terceros hacia nuestro pa\u00eds \u00abson extremadamente sensibles\u00bb y merecen explicaciones claras.<\/p>\n<p>El vocero peledeista record\u00f3 que el propio ministro de Relaciones Exteriores explic\u00f3 que la medida no busca convertir a la Rep\u00fablica Dominicana en un tercer pa\u00eds seguro, por lo que la explicaci\u00f3n \u00abse hace a\u00fan m\u00e1s necesaria\u00bb en el Congreso.<\/p>\n<p>Asimismo, S\u00e1nchez reiter\u00f3 que el proyecto de resoluci\u00f3n de los opositores \u00abno acusa ni prejuzga\u00bb la medida, pero s\u00ed busca m\u00e1s detalles de la estrategia que se seguir\u00e1 y de su posible impacto en el pa\u00eds.<\/p>\n<p>El bloque de los peledeistas detall\u00f3 que prefiere una resoluci\u00f3n para invitar al canciller por encima de una interpelaci\u00f3n ya que la mayor\u00eda congresual con que cuenta el Partido Revolucionario Moderno (PRM) no les permitir\u00e1 avanzar con un proceso m\u00e1s profundo.<\/p>\n","protected":false},"excerpt":{"rendered":"<p>El bloque de diputados del Partido de la Liberaci\u00f3n Dominicana (PLD) someti\u00f3 un proyecto de resoluci\u00f3n que busca invitar al congreso al ministro de Relaciones Exteriores, Roberto \u00c1lvarez, para que explique con m\u00e1s detalles el acuerdo con Estados Unidos que permitir\u00eda recibir deportados en el pa\u00eds. El vocero del PLD en la C\u00e1mara de Diputados, [&hellip;]<\/p>\n","protected":false},"author":1,"featured_media":88743,"comment_status":"open","ping_status":"open","sticky":false,"template":"","format":"standard","meta":{"tdm_status":"","tdm_grid_status":"","footnotes":""},"categories":[9],"tags":[],"_links":{"self":[{"href":"https:\/\/pldaldia.com\/portada\/wp-json\/wp\/v2\/posts\/88742"}],"collection":[{"href":"https:\/\/pldaldia.com\/portada\/wp-json\/wp\/v2\/posts"}],"about":[{"href":"https:\/\/pldaldia.com\/portada\/wp-json\/wp\/v2\/types\/post"}],"author":[{"embeddable":true,"href":"https:\/\/pldaldia.com\/portada\/wp-json\/wp\/v2\/users\/1"}],"replies":[{"embeddable":true,"href":"https:\/\/pldaldia.com\/portada\/wp-json\/wp\/v2\/comments?post=88742"}],"version-history":[{"count":1,"href":"https:\/\/pldaldia.com\/portada\/wp-json\/wp\/v2\/posts\/88742\/revisions"}],"predecessor-version":[{"id":88744,"href":"https:\/\/pldaldia.com\/portada\/wp-json\/wp\/v2\/posts\/88742\/revisions\/88744"}],"wp:featuredmedia":[{"embeddable":true,"href":"https:\/\/pldaldia.com\/portada\/wp-json\/wp\/v2\/media\/88743"}],"wp:attachment":[{"href":"https:\/\/pldaldia.com\/portada\/wp-json\/wp\/v2\/media?parent=88742"}],"wp:term":[{"taxonomy":"category","embeddable":true,"href":"https:\/\/pldaldia.com\/portada\/wp-json\/wp\/v2\/categories?post=88742"},{"taxonomy":"post_tag","embeddable":true,"href":"https:\/\/pldaldia.com\/portada\/wp-json\/wp\/v2\/tags?post=88742"}],"curies":[{"name":"wp","href":"https:\/\/api.w.org\/{rel}","templated":true}]}}