{"id":88745,"date":"2026-05-20T10:40:51","date_gmt":"2026-05-20T14:40:51","guid":{"rendered":"https:\/\/pldaldia.com\/portada\/?p=88745"},"modified":"2026-05-20T10:40:51","modified_gmt":"2026-05-20T14:40:51","slug":"incomunicados-en-el-ejercicio-de-la-comunicacion","status":"publish","type":"post","link":"https:\/\/pldaldia.com\/portada\/incomunicados-en-el-ejercicio-de-la-comunicacion\/","title":{"rendered":"Incomunicados en el ejercicio de la comunicaci\u00f3n"},"content":{"rendered":"<p>Por: H\u00e9ctor Olivo | Como locutor y periodista de profesi\u00f3n, tengo siempre presentes las ense\u00f1anzas del profesor Juan Bosch como defensor del idioma castellano o, me atrevo a decir, del espa\u00f1ol dominicano, por los giros idiom\u00e1ticos que se han registrado en nuestro pa\u00eds.<\/p>\n<p>Bosch siempre tuvo claro que la lengua es la principal herramienta pedag\u00f3gica de un pueblo; por lo tanto, su degradaci\u00f3n significaba tambi\u00e9n el deterioro de la capacidad del ciudadano para defender sus derechos.<\/p>\n<p>Predic\u00f3 que un pueblo que no domina su propio idioma es vulnerable a la manipulaci\u00f3n pol\u00edtica y social, y que la pobreza de vocabulario era una limitante para formular ideas complejas o entender conceptos.<\/p>\n<p>Al corregir los escritos y colaboraciones enviados a Vanguardia del Pueblo, peri\u00f3dico del Partido de la Liberaci\u00f3n Dominicana, explicaba que el insulto y el lenguaje agresivo o panfletario degradaban el ejercicio de la pol\u00edtica.<\/p>\n<p>En la actualidad, en los medios de comunicaci\u00f3n dominicanos , tanto tradicionales como nuevos, son notorios los insultos y las actuaciones que asemejan un pleito de barrio.<\/p>\n<p>Las burlas y la desinformaci\u00f3n predominan entre muchos de los llamados hacedores de opini\u00f3n y pol\u00edticos.<\/p>\n<p>En cuanto al uso del idioma, hoy funciona una mezcla agresiva entre el lenguaje de la calle y la formalidad idiom\u00e1tica, lo que borra la l\u00ednea que antes separaba el habla popular de la norma correcta.<\/p>\n<p>Predominan la jerga barrial, los anglicismos, la reducci\u00f3n de letras en las palabras y las pronunciaciones incorrectas. Al mismo tiempo, han ido desapareciendo los correctores de estilo y los locutores con formaci\u00f3n rigurosa y compromiso con el idioma.<\/p>\n<p>Recurrir solo a lo coloquial levanta barreras severas en ambientes internacionales, donde las palabras pueden tener significados distintos.<\/p>\n<p>Todos estos modismos dominantes provocan que cada d\u00eda estemos m\u00e1s incomunicados en el ejercicio de la comunicaci\u00f3n, debido a que los mensajes se pierden, se distorsionan o generan malentendidos.<\/p>\n","protected":false},"excerpt":{"rendered":"<p>Por: H\u00e9ctor Olivo | Como locutor y periodista de profesi\u00f3n, tengo siempre presentes las ense\u00f1anzas del profesor Juan Bosch como defensor del idioma castellano o, me atrevo a decir, del espa\u00f1ol dominicano, por los giros idiom\u00e1ticos que se han registrado en nuestro pa\u00eds. Bosch siempre tuvo claro que la lengua es la principal herramienta pedag\u00f3gica [&hellip;]<\/p>\n","protected":false},"author":1,"featured_media":65375,"comment_status":"open","ping_status":"open","sticky":false,"template":"","format":"standard","meta":{"tdm_status":"","tdm_grid_status":"","footnotes":""},"categories":[53],"tags":[],"_links":{"self":[{"href":"https:\/\/pldaldia.com\/portada\/wp-json\/wp\/v2\/posts\/88745"}],"collection":[{"href":"https:\/\/pldaldia.com\/portada\/wp-json\/wp\/v2\/posts"}],"about":[{"href":"https:\/\/pldaldia.com\/portada\/wp-json\/wp\/v2\/types\/post"}],"author":[{"embeddable":true,"href":"https:\/\/pldaldia.com\/portada\/wp-json\/wp\/v2\/users\/1"}],"replies":[{"embeddable":true,"href":"https:\/\/pldaldia.com\/portada\/wp-json\/wp\/v2\/comments?post=88745"}],"version-history":[{"count":1,"href":"https:\/\/pldaldia.com\/portada\/wp-json\/wp\/v2\/posts\/88745\/revisions"}],"predecessor-version":[{"id":88746,"href":"https:\/\/pldaldia.com\/portada\/wp-json\/wp\/v2\/posts\/88745\/revisions\/88746"}],"wp:featuredmedia":[{"embeddable":true,"href":"https:\/\/pldaldia.com\/portada\/wp-json\/wp\/v2\/media\/65375"}],"wp:attachment":[{"href":"https:\/\/pldaldia.com\/portada\/wp-json\/wp\/v2\/media?parent=88745"}],"wp:term":[{"taxonomy":"category","embeddable":true,"href":"https:\/\/pldaldia.com\/portada\/wp-json\/wp\/v2\/categories?post=88745"},{"taxonomy":"post_tag","embeddable":true,"href":"https:\/\/pldaldia.com\/portada\/wp-json\/wp\/v2\/tags?post=88745"}],"curies":[{"name":"wp","href":"https:\/\/api.w.org\/{rel}","templated":true}]}}