{"id":88749,"date":"2026-05-20T11:07:42","date_gmt":"2026-05-20T15:07:42","guid":{"rendered":"https:\/\/pldaldia.com\/portada\/?p=88749"},"modified":"2026-05-20T11:07:42","modified_gmt":"2026-05-20T15:07:42","slug":"es-notorio-el-repunte-alcanzado-por-el-pld","status":"publish","type":"post","link":"https:\/\/pldaldia.com\/portada\/es-notorio-el-repunte-alcanzado-por-el-pld\/","title":{"rendered":"Es notorio el repunte alcanzado por el PLD"},"content":{"rendered":"<p>Monchy Fadul: \u201cEl momento indica el renacer del PLD y su fortalecimiento como organizaci\u00f3n pol\u00edtica<\/p>\n<p>Jos\u00e9 Ram\u00f3n (Monchy) Fadul, miembro del Comit\u00e9 Pol\u00edtico del Partido de la Liberaci\u00f3n Dominicana, destac\u00f3 el repunte de esa organizaci\u00f3n en el aprecio popular, que catalog\u00f3 como un renacer y que se manifiesta en la asistencia masiva de los ciudadanos a sus actividades.<\/p>\n<p>\u201cNos damos cuenta de un renacer, un reencuentro del Partido y una motivaci\u00f3n que se est\u00e1 produciendo y la gente ha comenzado a valorar los gobiernos que hicimos\u201d, expres\u00f3 Fadul entrevistado en el programa El Cafecito.<\/p>\n<p>En ese sentido, coment\u00f3 que el gobierno del expresidente Danilo Medina es uno de los mejores que ha tenido la historia democr\u00e1tica dominicana y la gente lo est\u00e1 comparando con este gobierno. \u201cPor eso, la gente est\u00e1 mirando hacia el PLD que es su \u00faltimo referente.<\/p>\n<p>El ex alcalde de Santiago de los Caballeros sum\u00f3 a esto el deterioro del gobierno que se est\u00e1 viendo en las \u00e1reas de salud, seguridad, electricidad, as\u00ed como en la calidad de vida de los dominicanos y el deterioro progresivo de la clase media.<\/p>\n<p>\u201cLo que estamos viendo en el pa\u00eds es que la gente est\u00e1 regresando al PLD, la gente valorando el PLD, y la gente est\u00e1 participando entusiasmadamente en las actividades nuestras\u201d, recalc\u00f3 Fadul.<\/p>\n<p>El ex presidente de la C\u00e1mara de Diputados manifest\u00f3 que el PLD es el \u00fanico partido que tiene una estructura nacional, cuenta con una identidad propia, y tiene una obra de gobierno que es reconocida y m\u00e1s valorada por la poblaci\u00f3n a medida que pasa el tiempo.<\/p>\n","protected":false},"excerpt":{"rendered":"<p>Monchy Fadul: \u201cEl momento indica el renacer del PLD y su fortalecimiento como organizaci\u00f3n pol\u00edtica Jos\u00e9 Ram\u00f3n (Monchy) Fadul, miembro del Comit\u00e9 Pol\u00edtico del Partido de la Liberaci\u00f3n Dominicana, destac\u00f3 el repunte de esa organizaci\u00f3n en el aprecio popular, que catalog\u00f3 como un renacer y que se manifiesta en la asistencia masiva de los ciudadanos [&hellip;]<\/p>\n","protected":false},"author":1,"featured_media":88750,"comment_status":"open","ping_status":"open","sticky":false,"template":"","format":"standard","meta":{"tdm_status":"","tdm_grid_status":"","footnotes":""},"categories":[9],"tags":[],"_links":{"self":[{"href":"https:\/\/pldaldia.com\/portada\/wp-json\/wp\/v2\/posts\/88749"}],"collection":[{"href":"https:\/\/pldaldia.com\/portada\/wp-json\/wp\/v2\/posts"}],"about":[{"href":"https:\/\/pldaldia.com\/portada\/wp-json\/wp\/v2\/types\/post"}],"author":[{"embeddable":true,"href":"https:\/\/pldaldia.com\/portada\/wp-json\/wp\/v2\/users\/1"}],"replies":[{"embeddable":true,"href":"https:\/\/pldaldia.com\/portada\/wp-json\/wp\/v2\/comments?post=88749"}],"version-history":[{"count":1,"href":"https:\/\/pldaldia.com\/portada\/wp-json\/wp\/v2\/posts\/88749\/revisions"}],"predecessor-version":[{"id":88751,"href":"https:\/\/pldaldia.com\/portada\/wp-json\/wp\/v2\/posts\/88749\/revisions\/88751"}],"wp:featuredmedia":[{"embeddable":true,"href":"https:\/\/pldaldia.com\/portada\/wp-json\/wp\/v2\/media\/88750"}],"wp:attachment":[{"href":"https:\/\/pldaldia.com\/portada\/wp-json\/wp\/v2\/media?parent=88749"}],"wp:term":[{"taxonomy":"category","embeddable":true,"href":"https:\/\/pldaldia.com\/portada\/wp-json\/wp\/v2\/categories?post=88749"},{"taxonomy":"post_tag","embeddable":true,"href":"https:\/\/pldaldia.com\/portada\/wp-json\/wp\/v2\/tags?post=88749"}],"curies":[{"name":"wp","href":"https:\/\/api.w.org\/{rel}","templated":true}]}}