{"id":91256,"date":"2026-08-31T03:27:33","date_gmt":"2026-08-31T07:27:33","guid":{"rendered":"https:\/\/pldaldia.com\/portada\/?p=91256"},"modified":"2026-08-31T03:27:33","modified_gmt":"2026-08-31T07:27:33","slug":"en-defensa-de-la-libertad-de-expresion","status":"publish","type":"post","link":"https:\/\/pldaldia.com\/portada\/en-defensa-de-la-libertad-de-expresion\/","title":{"rendered":"En defensa de la libertad de expresi\u00f3n"},"content":{"rendered":"<p>Por: Am\u00edn Cruz | El Congreso Hispanoamericano de Prensa, Congreso Mundial del Medio Ambiente (COMMA) y el Congreso Mundial de Prensa, instituciones comprometidas con la defensa de la libertad de prensa, los derechos humanos, el Estado de derecho y la protecci\u00f3n del medio ambiente, hacen p\u00fablica su m\u00e1s en\u00e9rgica condena ante las amenazas denunciadas contra el Dr. Ricardo Nieves, distinguido periodista, abogado, m\u00e9dico, acad\u00e9mico, conferencista internacional y miembro de nuestras organizaciones.<\/p>\n<p>Nos solidarizamos plenamente con el Dr. Ricardo Nieves, cuya trayectoria de m\u00e1s de cuatro d\u00e9cadas ha estado dedicada a la defensa del inter\u00e9s nacional, la preservaci\u00f3n de los recursos naturales y el ejercicio responsable de un periodismo cr\u00edtico, independiente y comprometido con la verdad.<\/p>\n<p>Las amenazas dirigidas contra un periodista por el ejercicio de su labor constituyen un atentado contra la libertad de expresi\u00f3n, el derecho de la ciudadan\u00eda a estar informada y los principios fundamentales que sostienen toda democracia. Cuando se intenta silenciar una voz que denuncia posibles agresiones contra el patrimonio natural de una naci\u00f3n, no solo se agrede a una persona: se agrede el derecho colectivo de un pueblo a defender su territorio, sus recursos y su futuro.<\/p>\n<p>El Dr. Ricardo Nieves ha mantenido durante d\u00e9cadas una posici\u00f3n firme frente a asuntos de alto inter\u00e9s nacional relacionados con la protecci\u00f3n de los r\u00edos, las monta\u00f1as, los parques nacionales, las cuencas hidrogr\u00e1ficas, la biodiversidad y los recursos naturales. Su compromiso ha trascendido intereses particulares para convertirse en una defensa permanente del patrimonio com\u00fan de todos los dominicanos.<\/p>\n<p>Los bosques, las monta\u00f1as y las fuentes de agua no pertenecen a una generaci\u00f3n ni a un gobierno. Constituyen un legado irrenunciable que debe preservarse para quienes habr\u00e1n de heredar esta naci\u00f3n. Sin agua no existe agricultura; sin bosques no existen r\u00edos; sin monta\u00f1as no existe equilibrio clim\u00e1tico; sin \u00e1reas protegidas no existe futuro sostenible.<\/p>\n<p>Por ello, denunciamos con profunda preocupaci\u00f3n toda acci\u00f3n que contribuya a la destrucci\u00f3n indiscriminada de los ecosistemas nacionales mediante la tala ilegal, la contaminaci\u00f3n, la explotaci\u00f3n irresponsable de los recursos naturales o cualquier otra actividad contraria a la legislaci\u00f3n ambiental vigente.<\/p>\n<p>Hacemos un llamado al Colegio Dominicano de Periodistas (CDP), Sindicato Nacional de Trabajadores de la Prensa (SNTP) a las organizaciones period\u00edsticas nacionales e internacionales, a las entidades defensoras de los derechos humanos, a los movimientos ambientalistas, a la academia, UASD, a las iglesias, a la sociedad civil organizada y a todos los ciudadanos comprometidos con la democracia para que expresen p\u00fablicamente su respaldo al Dr. Ricardo Nieves y a todos aquellos comunicadores y defensores ambientales que, con valent\u00eda, ejercen su deber de denunciar hechos que consideran lesivos para el inter\u00e9s nacional.<\/p>\n<p>Asimismo, exhortamos al Estado dominicano, dentro del marco de sus obligaciones constitucionales y legales, a garantizar la protecci\u00f3n efectiva de quienes ejercen el periodismo y la defensa del medio ambiente, as\u00ed como a investigar con diligencia cualquier denuncia relacionada con amenazas o actos de intimidaci\u00f3n, respetando el debido proceso y el Estado de derecho.<\/p>\n<p>Solicitamos al Ministerio de Medio Ambiente y Recursos Naturales, a la Procuradur\u00eda Especializada para la Defensa del Medio Ambiente y los Recursos Naturales y a todas las instituciones competentes que hagan cumplir la Constituci\u00f3n y las leyes ambientales con absoluta independencia, transparencia e igualdad ante la ley, sin privilegios ni excepciones.<\/p>\n<p>Ning\u00fan inter\u00e9s econ\u00f3mico, pol\u00edtico o particular puede situarse por encima del derecho de la naci\u00f3n a conservar sus bosques, proteger sus r\u00edos, preservar sus monta\u00f1as y garantizar la sostenibilidad de sus recursos naturales.<\/p>\n<p>Reconocemos la trayectoria del Dr. Ricardo Nieves como una de las voces que, durante d\u00e9cadas, ha participado activamente en el debate nacional sobre importantes temas ambientales, incluyendo asuntos relacionados con la actividad minera, la protecci\u00f3n de la Cordillera Central, el Pico Duarte, las cuencas hidrogr\u00e1ficas y otros ecosistemas estrat\u00e9gicos para la Rep\u00fablica Dominicana.<\/p>\n<p>El Congreso Hispanoamericano de Prensa, Congreso Mundial de Prensa y el Congreso Mundial del Medio Ambiente (COMMA), declaran que permanecer\u00e1n vigilantes ante cualquier situaci\u00f3n que pueda comprometer la integridad, la seguridad o el libre ejercicio profesional del Dr. Ricardo Nieves y de cualquier periodista o defensor ambiental.<\/p>\n<p>Nuestra solidaridad no se limita a una declaraci\u00f3n. Constituye un compromiso permanente con la libertad, la justicia, la protecci\u00f3n del patrimonio natural y la defensa de quienes dedican su vida al servicio del bien com\u00fan.<\/p>\n<p>La historia demuestra que las naciones progresan cuando protegen a quienes tienen el valor de denunciar la corrupci\u00f3n, la destrucci\u00f3n ambiental y las injusticias. Callar frente a las amenazas equivale a renunciar a la democracia; defender la verdad es defender la Rep\u00fablica.<\/p>\n<p>Hoy levantamos nuestra voz desde Am\u00e9rica para afirmar que la libertad de prensa no se intimida, la defensa del medio ambiente no se criminaliza y el patrimonio natural de la Rep\u00fablica Dominicana pertenece al pueblo dominicano y a las generaciones que a\u00fan est\u00e1n por nacer.<\/p>\n<p>En consecuencia, exigimos:<\/p>\n<p>Que se garantice la protecci\u00f3n efectiva del Dr. Ricardo Nieves y de todos los periodistas y defensores ambientales que puedan encontrarse en situaci\u00f3n de riesgo.<br \/>\nQue toda denuncia sobre amenazas sea investigada de manera pronta, objetiva e imparcial por las autoridades competentes.<br \/>\nQue las leyes ambientales sean aplicadas con rigor, independencia y transparencia, sin distinciones de ninguna naturaleza.<br \/>\nQue cesen las acciones que atenten contra los ecosistemas, las \u00e1reas protegidas y el patrimonio ambiental de la Rep\u00fablica Dominicana.<br \/>\nQue la sociedad dominicana permanezca unida en defensa de la libertad de expresi\u00f3n, la institucionalidad democr\u00e1tica y la conservaci\u00f3n de los recursos naturales.<\/p>\n<p>\u00a1Porque defender un r\u00edo es defender la vida!!!<\/p>\n<p>\u00a1Porque proteger una monta\u00f1a es preservar el agua de las futuras generaciones!!!<\/p>\n<p>\u00a1Porque cuidar un bosque es garantizar el futuro de la naci\u00f3n!!!<\/p>\n<p>\u00a1Y porque proteger a quienes alzan su voz en favor del inter\u00e9s p\u00fablico es proteger la democracia misma!!!<\/p>\n<p>\u00abLa verdad no se intimida. La libertad no se negocia. La naturaleza no tiene reemplazo\u00bb, AC.<\/p>\n","protected":false},"excerpt":{"rendered":"<p>Por: Am\u00edn Cruz | El Congreso Hispanoamericano de Prensa, Congreso Mundial del Medio Ambiente (COMMA) y el Congreso Mundial de Prensa, instituciones comprometidas con la defensa de la libertad de prensa, los derechos humanos, el Estado de derecho y la protecci\u00f3n del medio ambiente, hacen p\u00fablica su m\u00e1s en\u00e9rgica condena ante las amenazas denunciadas contra [&hellip;]<\/p>\n","protected":false},"author":1,"featured_media":47079,"comment_status":"open","ping_status":"open","sticky":false,"template":"","format":"standard","meta":{"tdm_status":"","tdm_grid_status":"","footnotes":""},"categories":[53],"tags":[],"_links":{"self":[{"href":"https:\/\/pldaldia.com\/portada\/wp-json\/wp\/v2\/posts\/91256"}],"collection":[{"href":"https:\/\/pldaldia.com\/portada\/wp-json\/wp\/v2\/posts"}],"about":[{"href":"https:\/\/pldaldia.com\/portada\/wp-json\/wp\/v2\/types\/post"}],"author":[{"embeddable":true,"href":"https:\/\/pldaldia.com\/portada\/wp-json\/wp\/v2\/users\/1"}],"replies":[{"embeddable":true,"href":"https:\/\/pldaldia.com\/portada\/wp-json\/wp\/v2\/comments?post=91256"}],"version-history":[{"count":1,"href":"https:\/\/pldaldia.com\/portada\/wp-json\/wp\/v2\/posts\/91256\/revisions"}],"predecessor-version":[{"id":91257,"href":"https:\/\/pldaldia.com\/portada\/wp-json\/wp\/v2\/posts\/91256\/revisions\/91257"}],"wp:featuredmedia":[{"embeddable":true,"href":"https:\/\/pldaldia.com\/portada\/wp-json\/wp\/v2\/media\/47079"}],"wp:attachment":[{"href":"https:\/\/pldaldia.com\/portada\/wp-json\/wp\/v2\/media?parent=91256"}],"wp:term":[{"taxonomy":"category","embeddable":true,"href":"https:\/\/pldaldia.com\/portada\/wp-json\/wp\/v2\/categories?post=91256"},{"taxonomy":"post_tag","embeddable":true,"href":"https:\/\/pldaldia.com\/portada\/wp-json\/wp\/v2\/tags?post=91256"}],"curies":[{"name":"wp","href":"https:\/\/api.w.org\/{rel}","templated":true}]}}