{"id":91261,"date":"2026-08-31T10:26:33","date_gmt":"2026-08-31T14:26:33","guid":{"rendered":"https:\/\/pldaldia.com\/portada\/?p=91261"},"modified":"2026-08-31T10:26:33","modified_gmt":"2026-08-31T14:26:33","slug":"nuestra-educacion-victima-de-la-improvisacion","status":"publish","type":"post","link":"https:\/\/pldaldia.com\/portada\/nuestra-educacion-victima-de-la-improvisacion\/","title":{"rendered":"Nuestra educaci\u00f3n: v\u00edctima de la improvisaci\u00f3n"},"content":{"rendered":"<p>Por: Ramon Tejeda Read | Las autoridades educativas pintan maravillas. Maestros y maestras del sistema p\u00fablico no las perciben.<\/p>\n<p>\u00bfLa verdad? Muchas escuelas no podr\u00e1n iniciar a tiempo el a\u00f1o escolar. La Rep\u00fablica de Venezuela, en Santiago, es un caso. Pero son  muchas m\u00e1s. Adem\u00e1s, faltan aulas.<\/p>\n<p>El PRM y Abinader vociferaron contra el programa de construcci\u00f3n de escuelas iniciado por Danilo Medina en 2012. En 2020 lo paralizaron. SEIS A\u00d1OS DESPU\u00c9S, maestros y maestras denuncian que faltan aulas. El gobierno vuelve a construir, pero no al ritmo necesario: miles de estudiantes quedan sin aulas o son hacinados en furgones.<\/p>\n<p>Hay inconvenientes de infraestructura y condiciones b\u00e1sicas en numerosos centros, deudas con los docentes y no se integra a los nuevos contratados.<\/p>\n<p>Menegildo de la Rosa, dirigente magisterial, es dram\u00e1tico: \u201cLa escuela ha dejado de ser un lugar de atracci\u00f3n, un lugar de alegr\u00eda, un lugar de canto y se ha convertido en una c\u00e1rcel en donde los ni\u00f1os se sienten, de alguna manera, prisioneros\u2026 La escuela ha perdido la capacidad de atraer a los estudiantes\u201d, dice a Diario Libre (20\/08\/2026).<\/p>\n<p>Simplemente no se dio continuidad al plan iniciado en 2012. Se borr\u00f3 de un plumazo en 2020 y, de \u00f1apa, hoy el gobierno hace todo para reducir el presupuesto a Educaci\u00f3n. Los pobres no merecen tanto dinero, consideran. En 2023 transfiri\u00f3 el CAID al MINERD y ahora quiere transferir el MESCyT. A eso llaman reforma educativa, pero es enga\u00f1o contra quienes m\u00e1s necesitan.<\/p>\n<p>En seis a\u00f1os, no hemos hecho m\u00e1s que perder tiempo y dinero. El cambio Abinader-PRM ha malogrado el sistema educativo dominicano.<\/p>\n","protected":false},"excerpt":{"rendered":"<p>Por: Ramon Tejeda Read | Las autoridades educativas pintan maravillas. Maestros y maestras del sistema p\u00fablico no las perciben. \u00bfLa verdad? Muchas escuelas no podr\u00e1n iniciar a tiempo el a\u00f1o escolar. La Rep\u00fablica de Venezuela, en Santiago, es un caso. Pero son muchas m\u00e1s. Adem\u00e1s, faltan aulas. El PRM y Abinader vociferaron contra el programa [&hellip;]<\/p>\n","protected":false},"author":1,"featured_media":47161,"comment_status":"open","ping_status":"open","sticky":false,"template":"","format":"standard","meta":{"tdm_status":"","tdm_grid_status":"","footnotes":""},"categories":[53],"tags":[],"_links":{"self":[{"href":"https:\/\/pldaldia.com\/portada\/wp-json\/wp\/v2\/posts\/91261"}],"collection":[{"href":"https:\/\/pldaldia.com\/portada\/wp-json\/wp\/v2\/posts"}],"about":[{"href":"https:\/\/pldaldia.com\/portada\/wp-json\/wp\/v2\/types\/post"}],"author":[{"embeddable":true,"href":"https:\/\/pldaldia.com\/portada\/wp-json\/wp\/v2\/users\/1"}],"replies":[{"embeddable":true,"href":"https:\/\/pldaldia.com\/portada\/wp-json\/wp\/v2\/comments?post=91261"}],"version-history":[{"count":1,"href":"https:\/\/pldaldia.com\/portada\/wp-json\/wp\/v2\/posts\/91261\/revisions"}],"predecessor-version":[{"id":91262,"href":"https:\/\/pldaldia.com\/portada\/wp-json\/wp\/v2\/posts\/91261\/revisions\/91262"}],"wp:featuredmedia":[{"embeddable":true,"href":"https:\/\/pldaldia.com\/portada\/wp-json\/wp\/v2\/media\/47161"}],"wp:attachment":[{"href":"https:\/\/pldaldia.com\/portada\/wp-json\/wp\/v2\/media?parent=91261"}],"wp:term":[{"taxonomy":"category","embeddable":true,"href":"https:\/\/pldaldia.com\/portada\/wp-json\/wp\/v2\/categories?post=91261"},{"taxonomy":"post_tag","embeddable":true,"href":"https:\/\/pldaldia.com\/portada\/wp-json\/wp\/v2\/tags?post=91261"}],"curies":[{"name":"wp","href":"https:\/\/api.w.org\/{rel}","templated":true}]}}