{"id":91263,"date":"2026-08-31T10:27:44","date_gmt":"2026-08-31T14:27:44","guid":{"rendered":"https:\/\/pldaldia.com\/portada\/?p=91263"},"modified":"2026-08-31T10:27:44","modified_gmt":"2026-08-31T14:27:44","slug":"la-naturaleza-ausente-en-la-agenda-del-gobierno","status":"publish","type":"post","link":"https:\/\/pldaldia.com\/portada\/la-naturaleza-ausente-en-la-agenda-del-gobierno\/","title":{"rendered":"La naturaleza ausente en la agenda del gobierno"},"content":{"rendered":"<p>Por: Osiris Mota | La ciudad est\u00e1 sumamente caliente, hace mucho calor y la sensaci\u00f3n t\u00e9rmica por la humedad es mayor. Todos nos estamos quejando, culpables o no, pero nadie se detiene a pensar que tanta culpa tenemos por la forma en que estamos gestionando nuestros recursos naturales. He visto a vecinos de nuestras ciudades, empresas y hasta instituciones del Estado, cortar \u00e1rboles para construir parqueos, carreteras, edificios solo mirando los beneficios particulares y del momento. El desconocimiento o la irresponsabilidad mantiene fuera de la agenda de los pol\u00edticos el tema, que m\u00e1s nos afecta ya y m\u00e1s a\u00fan en el futuro.<\/p>\n<p>Los beneficios inmediatos y particulares de una persona se est\u00e1n imponiendo al derecho o beneficio de la comunidad. Cortar el \u00e1rbol produce madera, dinero hoy, o el parqueo, etc. pero conservarlo produce agua, sombra, frutos, suelo f\u00e9rtil, captura de carbono etc. porque solo estamos valorando m\u00e1s lo que obtenemos de inmediato, sin tomar en cuenta el futuro. Pero tampoco tenemos pol\u00edticas de conservaci\u00f3n, y menos tenemos conciencia de las necesidades de la comunidad, lo que debe ser la preocupaci\u00f3n de nuestros pol\u00edticos.<\/p>\n<p>Hemos secado el mangle, la laguna para construir edificios o cualquier otra obra que nos de beneficios inmediato, como desforestar las monta\u00f1as o la rivera de los r\u00edos, y no estamos calculando que las cat\u00e1strofes nos van a costar mucho m\u00e1s, que tomar las medidas para no impactar negativamente el entorno. Cada vez las noticias de calamidades producto de la conducta individualista y ego\u00edsta de los individuos en diferentes lugares, se parecen m\u00e1s a nosotros, pero creemos que eso a nosotros no nos pasara, y si cada vez las inundaciones y las sequ\u00edas afectan nuestra econom\u00eda.<\/p>\n<p>La peor tragedia que estamos sufriendo, es la falta de criterio y sentido com\u00fan al manejar nuestros recursos naturales, sin la conciencia y cuidado debido, sin tomar las reservas, sin cumplir las leyes que las autoridades no supervisan.  confundimos el desarrollo con la explotaci\u00f3n, construyendo cosas extrayendo minerales, ampliando ciudades, etc. sin tomar las medidas y solo viendo cu\u00e1nto podemos obtener? Sin preguntarnos \u00bfCu\u00e1nto podemos extraer sin destruir el capital natural que necesitaremos en el futuro para nuestras pr\u00f3ximas generaciones? Solo deben observar lo que pasa con la carretera a Jarabacoa y otras obras de ingenier\u00eda.<\/p>\n<p>Necesitamos revertir el da\u00f1o, necesitamos autoridades m\u00e1s conscientes del papel que deben jugar. Tenemos ya muchos eventos producto de nuestro mal manejo. Las estad\u00edsticas est\u00e1n llenas de ejemplos. Despu\u00e9s que hemos tenido grandes inundaciones, sequ\u00eda, deslizamiento de tierra, nos preocupamos un tiempo, no hacemos nada y solo olvidamos los muertos y las p\u00e9rdidas econ\u00f3micas. La sociedad asume los costos y muchas veces el gobierno o Estado, quienes se mantienen de brazos cruzados, a veces limit\u00e1ndose solo hacer pol\u00edticas con las desgracias para ganar simpat\u00eda sin soluciones reales, ya que evitar que las cosas ocurran, la planificaci\u00f3n nadie lo valora como debe ser.<\/p>\n<p>La naturaleza no se est\u00e1 vengando, nosotros estamos construyendo la vulnerabilidad, y ya la estamos sintiendo con m\u00e1s frecuencia y mayor impacto, pero a\u00fan los beneficios de los que ostentan el poder o tienen las decisiones, superan el rechazo o la reacci\u00f3n de la sociedad. Quienes estamos conscientes de la situaci\u00f3n, como debe estarlo el mercado asegurador, debemos asumir alg\u00fan compromiso para que las cosas cambien, no basta con abrir la ventana, debemos de involucrarnos, y m\u00e1s aquellos que pretenden manejar el Estado. <\/p>\n","protected":false},"excerpt":{"rendered":"<p>Por: Osiris Mota | La ciudad est\u00e1 sumamente caliente, hace mucho calor y la sensaci\u00f3n t\u00e9rmica por la humedad es mayor. Todos nos estamos quejando, culpables o no, pero nadie se detiene a pensar que tanta culpa tenemos por la forma en que estamos gestionando nuestros recursos naturales. He visto a vecinos de nuestras ciudades, [&hellip;]<\/p>\n","protected":false},"author":1,"featured_media":47158,"comment_status":"open","ping_status":"open","sticky":false,"template":"","format":"standard","meta":{"tdm_status":"","tdm_grid_status":"","footnotes":""},"categories":[53],"tags":[],"_links":{"self":[{"href":"https:\/\/pldaldia.com\/portada\/wp-json\/wp\/v2\/posts\/91263"}],"collection":[{"href":"https:\/\/pldaldia.com\/portada\/wp-json\/wp\/v2\/posts"}],"about":[{"href":"https:\/\/pldaldia.com\/portada\/wp-json\/wp\/v2\/types\/post"}],"author":[{"embeddable":true,"href":"https:\/\/pldaldia.com\/portada\/wp-json\/wp\/v2\/users\/1"}],"replies":[{"embeddable":true,"href":"https:\/\/pldaldia.com\/portada\/wp-json\/wp\/v2\/comments?post=91263"}],"version-history":[{"count":1,"href":"https:\/\/pldaldia.com\/portada\/wp-json\/wp\/v2\/posts\/91263\/revisions"}],"predecessor-version":[{"id":91264,"href":"https:\/\/pldaldia.com\/portada\/wp-json\/wp\/v2\/posts\/91263\/revisions\/91264"}],"wp:featuredmedia":[{"embeddable":true,"href":"https:\/\/pldaldia.com\/portada\/wp-json\/wp\/v2\/media\/47158"}],"wp:attachment":[{"href":"https:\/\/pldaldia.com\/portada\/wp-json\/wp\/v2\/media?parent=91263"}],"wp:term":[{"taxonomy":"category","embeddable":true,"href":"https:\/\/pldaldia.com\/portada\/wp-json\/wp\/v2\/categories?post=91263"},{"taxonomy":"post_tag","embeddable":true,"href":"https:\/\/pldaldia.com\/portada\/wp-json\/wp\/v2\/tags?post=91263"}],"curies":[{"name":"wp","href":"https:\/\/api.w.org\/{rel}","templated":true}]}}