{"id":91269,"date":"2026-08-31T11:15:55","date_gmt":"2026-08-31T15:15:55","guid":{"rendered":"https:\/\/pldaldia.com\/portada\/?p=91269"},"modified":"2026-08-31T11:15:55","modified_gmt":"2026-08-31T15:15:55","slug":"el-pld-movilizara-sus-miembros-este-sabado-en-todo-el-pais","status":"publish","type":"post","link":"https:\/\/pldaldia.com\/portada\/el-pld-movilizara-sus-miembros-este-sabado-en-todo-el-pais\/","title":{"rendered":"EL PLD movilizar\u00e1 sus miembros este s\u00e1bado en todo el pa\u00eds"},"content":{"rendered":"<p>El PLD en todos los rincones del pa\u00eds se realizar\u00e1 este s\u00e1bado 5 septiembre la tercera jornada nacional de Esfuerzos concentrados<\/p>\n<p>El Partido de la Liberaci\u00f3n Dominicana (PLD) confirm\u00f3 la convocatoria a una nueva jornada nacional de \u201cEsfuerzos Concentrados\u201d, el pr\u00f3ximo s\u00e1bado a partir de las 3.00 de la tarde en todos los municipios y distritos municipales del territorio nacional.<\/p>\n<p>Comisiones de miembros y militantes del PLD proceden a visitar casa por casa, presentando la propuesta del Partido morado y la estrella amarilla, facilitando al mismo tiempo la afiliaci\u00f3n de nuevos miembros.<\/p>\n<p>La Comisi\u00f3n de Implementaci\u00f3n de la L\u00ednea Organizativa y Electoral (LOE) es la responsable de la organizaci\u00f3n y supervisi\u00f3n de esta actividad mediante el equipo de enlaces en todo el pa\u00eds.<\/p>\n<p>Con la iniciativa de los Esfuerzos Concentrados, sus reuniones, asambleas, la estructura Pelede\u00edsta se mantiene movilizada y en contacto con la poblaci\u00f3n llevando un mensaje institucional partidario y esperanzador.<\/p>\n<p>Mediante comunicaciones internas la Comisi\u00f3n de Implementaci\u00f3n de la L\u00ednea Organizativa y Electoral ha definido los aspectos a tomar en consideraci\u00f3n para el \u00e9xito de la actividad, entre ellos, socializar con toda la estructura las informaciones y decisiones del Partido.<\/p>\n<p>Se recomienda a los participantes, distribuidos en brigadas y comisiones, llenar correctamente los formularios entregados que permitir\u00e1n recoger las informaciones para evaluar los resultados de la jornada y transmitir de forma oportuna a la plataforma de la L\u00ednea Organizativa y Electoral las conclusiones de las visitas realizadas.<\/p>\n","protected":false},"excerpt":{"rendered":"<p>El PLD en todos los rincones del pa\u00eds se realizar\u00e1 este s\u00e1bado 5 septiembre la tercera jornada nacional de Esfuerzos concentrados El Partido de la Liberaci\u00f3n Dominicana (PLD) confirm\u00f3 la convocatoria a una nueva jornada nacional de \u201cEsfuerzos Concentrados\u201d, el pr\u00f3ximo s\u00e1bado a partir de las 3.00 de la tarde en todos los municipios y [&hellip;]<\/p>\n","protected":false},"author":1,"featured_media":91270,"comment_status":"open","ping_status":"open","sticky":false,"template":"","format":"standard","meta":{"tdm_status":"","tdm_grid_status":"","footnotes":""},"categories":[9],"tags":[],"_links":{"self":[{"href":"https:\/\/pldaldia.com\/portada\/wp-json\/wp\/v2\/posts\/91269"}],"collection":[{"href":"https:\/\/pldaldia.com\/portada\/wp-json\/wp\/v2\/posts"}],"about":[{"href":"https:\/\/pldaldia.com\/portada\/wp-json\/wp\/v2\/types\/post"}],"author":[{"embeddable":true,"href":"https:\/\/pldaldia.com\/portada\/wp-json\/wp\/v2\/users\/1"}],"replies":[{"embeddable":true,"href":"https:\/\/pldaldia.com\/portada\/wp-json\/wp\/v2\/comments?post=91269"}],"version-history":[{"count":1,"href":"https:\/\/pldaldia.com\/portada\/wp-json\/wp\/v2\/posts\/91269\/revisions"}],"predecessor-version":[{"id":91271,"href":"https:\/\/pldaldia.com\/portada\/wp-json\/wp\/v2\/posts\/91269\/revisions\/91271"}],"wp:featuredmedia":[{"embeddable":true,"href":"https:\/\/pldaldia.com\/portada\/wp-json\/wp\/v2\/media\/91270"}],"wp:attachment":[{"href":"https:\/\/pldaldia.com\/portada\/wp-json\/wp\/v2\/media?parent=91269"}],"wp:term":[{"taxonomy":"category","embeddable":true,"href":"https:\/\/pldaldia.com\/portada\/wp-json\/wp\/v2\/categories?post=91269"},{"taxonomy":"post_tag","embeddable":true,"href":"https:\/\/pldaldia.com\/portada\/wp-json\/wp\/v2\/tags?post=91269"}],"curies":[{"name":"wp","href":"https:\/\/api.w.org\/{rel}","templated":true}]}}