{"id":91274,"date":"2026-08-31T12:11:02","date_gmt":"2026-08-31T16:11:02","guid":{"rendered":"https:\/\/pldaldia.com\/portada\/?p=91274"},"modified":"2026-08-31T12:11:02","modified_gmt":"2026-08-31T16:11:02","slug":"reclamo-del-pld-sobre-los-fallecimientos-de-recien-nacidos-video","status":"publish","type":"post","link":"https:\/\/pldaldia.com\/portada\/reclamo-del-pld-sobre-los-fallecimientos-de-recien-nacidos-video\/","title":{"rendered":"Reclamo del PLD sobre los fallecimientos de reci\u00e9n nacidos |  Video"},"content":{"rendered":"<p>El PLD exige una investigaci\u00f3n seria y transparente ante la tragedia de muerte de neonatos en maternidades del pa\u00eds.<\/p>\n<p>El Partido de la Liberaci\u00f3n Dominicana (PLD) exigi\u00f3 al Gobierno una respuesta urgente, transparente y de m\u00e1xima responsabilidad ante las preocupantes denuncias sobre la muerte de al menos 30 reci\u00e9n nacidos en la Maternidad Nuestra Se\u00f1ora de la Altagracia y la detecci\u00f3n de graves contaminaciones bacterianas en diversos centros hospitalarios del pa\u00eds.<\/p>\n<p>La organizaci\u00f3n pol\u00edtica advirti\u00f3 que los hallazgos reportados constituyen una seria se\u00f1al de alarma nacional que no puede ser ignorada ni tratada como un simple evento aislado.<\/p>\n<p>La advertencia fue hecha por la secretar\u00eda de Salud del Partido de la Liberaci\u00f3n Dominicana, teniendo como vocera la ex Ministra de Salud, Altagracia Guzm\u00e1n Marcelino, acompa\u00f1ada del Secretario de Salud del PLD, Rafael Gonz\u00e1lez y los integrantes de ese \u00f3rgano de trabajo pelede\u00edsta: Adolfo Rodr\u00edguez, Patricia Veras, Adri\u00e1n P\u00e9rez, Alberto D\u00edaz, Denny Santana y Nelson G\u00f3mez Moscat.<\/p>\n<p><a href=\"http:\/\/vanguardiadelpueblo.do\/wp-content\/uploads\/2026\/08\/WhatsApp-Image-2026-08-31-at-12.05.16-PM.jpeg\"><img decoding=\"async\" loading=\"lazy\" class=\"size-medium wp-image-244584 alignright\" src=\"http:\/\/vanguardiadelpueblo.do\/wp-content\/uploads\/2026\/08\/WhatsApp-Image-2026-08-31-at-12.05.16-PM-480x234.jpeg\" alt=\"\" width=\"480\" height=\"234\" \/><\/a>La alerta surge tras divulgarse la alarmante presencia de bacterias de alto riesgo como Klebsiella, Serratia y Pseudomonas en \u00e1reas cr\u00edticas de la Maternidad La Altagracia en el Distrito Nacional \u2014afectando cisternas, bloques quir\u00fargicos y cuidados intensivos neonatales\u2014, as\u00ed como la detecci\u00f3n de Escherichia Coli y Pseudomonas en \u00e1reas de hemodi\u00e1lisis, cocina y pediatr\u00eda del Hospital Regional Taiw\u00e1n 19 de marzo en Azua.<\/p>\n<p>Para el PLD, la coexistencia de este tipo de contaminaci\u00f3n en establecimientos de distintas provincias evidencia que no se trata de una falla puntual de una sola gerencia, sino de un problema sist\u00e9mico de control de infecciones e infraestructura p\u00fablica de abastecimiento de agua y saneamiento.<\/p>\n<p>El partido de la estrella amarilla respald\u00f3 categ\u00f3ricamente el reclamo formulado el 28 de agosto por las sociedades dominicanas de Neonatolog\u00eda, Pediatr\u00eda e Infectolog\u00eda, una investigaci\u00f3n exhaustiva, rigurosa e imparcial.<\/p>\n<p>Asimismo, enfatiz\u00f3 que los se\u00f1alamientos de la comunidad cient\u00edfica nacional confirman que el debate de la salud p\u00fablica no puede limitarse \u00fanicamente a determinar lo ocurrido en un hospital en particular, sino que obliga a examinar a fondo las condiciones de higiene, desinfecci\u00f3n, bioseguridad y prevenci\u00f3n de infecciones en toda la red hospitalaria estatal.<\/p>\n<p>En ese orden, la organizaci\u00f3n pol\u00edtica inst\u00f3 a las autoridades a responder a interrogantes fundamentales que hoy conmocionan a las familias dominicanas: \u00bfQu\u00e9 est\u00e1 ocurriendo con los mantenimientos de fondo, la calidad del agua y la esterilizaci\u00f3n en los hospitales p\u00fablicos? \u00bfCon qu\u00e9 frecuencia y rigurosidad microbiol\u00f3gica se auditan los quir\u00f3fanos y las salas neonatales? Y de manera decisiva, \u00bfqui\u00e9n supervisa los resultados de esos controles y por qu\u00e9 no se actu\u00f3 inmediatamente ante las primeras se\u00f1ales epidemiol\u00f3gicas?<\/p>\n<p><a href=\"http:\/\/vanguardiadelpueblo.do\/wp-content\/uploads\/2026\/08\/WhatsApp-Image-2026-08-31-at-12.05.16-PM-2.jpeg\"><img decoding=\"async\" loading=\"lazy\" class=\"alignleft size-medium wp-image-244582\" src=\"http:\/\/vanguardiadelpueblo.do\/wp-content\/uploads\/2026\/08\/WhatsApp-Image-2026-08-31-at-12.05.16-PM-2-480x260.jpeg\" alt=\"\" width=\"480\" height=\"260\" \/><\/a>El PLD subray\u00f3 que la primera obligaci\u00f3n de un centro hospitalario es sanar, y que resulta inaceptable que la propia red p\u00fablica de salud se convierta en una fuente de contagio, enfermedad y muerte para pacientes reci\u00e9n nacidos.<\/p>\n<p>Acentu\u00f3 que contar con edificaciones modernas o equipamiento costoso resulta insuficiente si se vulneran de manera sistem\u00e1tica los protocolos m\u00e1s elementales de bioseguridad, el manejo de residuos y el mantenimiento preventivo de las instalaciones sanitarias.<\/p>\n<p>Ante este escenario, la entidad pol\u00edtica consider\u00f3 insuficiente que el Gobierno se limite a comunicar de forma vaga que las situaciones \u00abest\u00e1n en proceso de investigaci\u00f3n\u00bb.<\/p>\n<p>En este sentido, inst\u00f3 al Ministerio de Salud P\u00fablica, en su rol de \u00f3rgano rector, a abocarse de forma inmediata a realizar una auditor\u00eda sanitaria extraordinaria de los hospitales p\u00fablicos del pa\u00eds \u2014comenzando por las maternidades, \u00e1reas de cuidados intensivos y unidades de hemodi\u00e1lisis\u2014 e inst\u00f3 a integrar activamente a las sociedades m\u00e9dicas especializadas en dicho proceso de fiscalizaci\u00f3n.<\/p>\n<p><a href=\"https:\/\/pldaldia.com\/portada\/wp-content\/uploads\/2026\/08\/Doc.-RdPDir-PLD-31-08-2026.docx\">\ud83d\udd17 | Documento \u00edntegro Rueda de Prensa.<\/a><\/p>\n<p><iframe loading=\"lazy\" style=\"border: none; overflow: hidden;\" src=\"https:\/\/www.facebook.com\/plugins\/video.php?height=306&amp;href=https%3A%2F%2Fwww.facebook.com%2Freel%2F922244494286180%2F&amp;show_text=false&amp;width=560&amp;t=0\" width=\"350\" height=\"306\" frameborder=\"0\" scrolling=\"no\" allowfullscreen=\"allowfullscreen\"><\/iframe><\/p>\n","protected":false},"excerpt":{"rendered":"<p>El PLD exige una investigaci\u00f3n seria y transparente ante la tragedia de muerte de neonatos en maternidades del pa\u00eds. El Partido de la Liberaci\u00f3n Dominicana (PLD) exigi\u00f3 al Gobierno una respuesta urgente, transparente y de m\u00e1xima responsabilidad ante las preocupantes denuncias sobre la muerte de al menos 30 reci\u00e9n nacidos en la Maternidad Nuestra Se\u00f1ora [&hellip;]<\/p>\n","protected":false},"author":1,"featured_media":91276,"comment_status":"open","ping_status":"open","sticky":false,"template":"","format":"standard","meta":{"tdm_status":"","tdm_grid_status":"","footnotes":""},"categories":[9],"tags":[],"_links":{"self":[{"href":"https:\/\/pldaldia.com\/portada\/wp-json\/wp\/v2\/posts\/91274"}],"collection":[{"href":"https:\/\/pldaldia.com\/portada\/wp-json\/wp\/v2\/posts"}],"about":[{"href":"https:\/\/pldaldia.com\/portada\/wp-json\/wp\/v2\/types\/post"}],"author":[{"embeddable":true,"href":"https:\/\/pldaldia.com\/portada\/wp-json\/wp\/v2\/users\/1"}],"replies":[{"embeddable":true,"href":"https:\/\/pldaldia.com\/portada\/wp-json\/wp\/v2\/comments?post=91274"}],"version-history":[{"count":1,"href":"https:\/\/pldaldia.com\/portada\/wp-json\/wp\/v2\/posts\/91274\/revisions"}],"predecessor-version":[{"id":91277,"href":"https:\/\/pldaldia.com\/portada\/wp-json\/wp\/v2\/posts\/91274\/revisions\/91277"}],"wp:featuredmedia":[{"embeddable":true,"href":"https:\/\/pldaldia.com\/portada\/wp-json\/wp\/v2\/media\/91276"}],"wp:attachment":[{"href":"https:\/\/pldaldia.com\/portada\/wp-json\/wp\/v2\/media?parent=91274"}],"wp:term":[{"taxonomy":"category","embeddable":true,"href":"https:\/\/pldaldia.com\/portada\/wp-json\/wp\/v2\/categories?post=91274"},{"taxonomy":"post_tag","embeddable":true,"href":"https:\/\/pldaldia.com\/portada\/wp-json\/wp\/v2\/tags?post=91274"}],"curies":[{"name":"wp","href":"https:\/\/api.w.org\/{rel}","templated":true}]}}