{"id":91278,"date":"2026-09-01T00:17:00","date_gmt":"2026-09-01T04:17:00","guid":{"rendered":"https:\/\/pldaldia.com\/portada\/?p=91278"},"modified":"2026-09-01T00:17:00","modified_gmt":"2026-09-01T04:17:00","slug":"china-afina-su-maquinaria-de-guerra-no-es-una-declaracion-pero-si-una-advertencia","status":"publish","type":"post","link":"https:\/\/pldaldia.com\/portada\/china-afina-su-maquinaria-de-guerra-no-es-una-declaracion-pero-si-una-advertencia\/","title":{"rendered":"China afina su maquinaria de guerra: no es una declaraci\u00f3n, pero s\u00ed una advertencia"},"content":{"rendered":"<p>Por: Isc\u00e1nder Santana | Pek\u00edn no anuncia una guerra, pero s\u00ed se prepara para una era m\u00e1s dura<\/p>\n<p>La reciente reforma de la Ley de Movilizaci\u00f3n para la Defensa Nacional en China no debe leerse como una declaraci\u00f3n de guerra. Ser\u00eda un error interpretarla as\u00ed. Pero tampoco conviene minimizarla: lo que hace es ampliar y ordenar la capacidad del Estado para transformar, con rapidez, recursos civiles, tecnol\u00f3gicos y humanos en poder de defensa. En lenguaje pol\u00edtico, eso significa algo muy claro: Pek\u00edn quiere llegar mejor preparado a un escenario de confrontaci\u00f3n mayor.<\/p>\n<p>La novedad no est\u00e1 solo en la ley, sino en su alcance<\/p>\n<p>La reforma refuerza el liderazgo centralizado del Partido Comunista y da m\u00e1s peso a la movilizaci\u00f3n nacional en sentido amplio. Incluye sectores emergentes como la inteligencia artificial, los sistemas no tripulados y otras capacidades vinculadas a la guerra moderna \u2014esa guerra que ya no se libra solo con tanques, sino con algoritmos, drones y cadenas de suministro\u2014. Tambi\u00e9n establece un sistema m\u00e1s definido de personal de reserva y precisa qui\u00e9nes pueden ser llamados a cumplir servicios de defensa, incluyendo obligaciones para hombres y mujeres dentro de determinados rangos de edad, con excepciones espec\u00edficas.<\/p>\n<p>La lectura estrat\u00e9gica: guerra larga, no guerra inmediata<\/p>\n<p>El punto de fondo no es si China va a lanzar una guerra ma\u00f1ana. El punto es otro: la potencia asi\u00e1tica parece estar construyendo una infraestructura legal, log\u00edstica y humana para resistir, escalar y sostenerse en una crisis de gran intensidad. Eso encaja con una lectura de competencia prolongada entre bloques, donde la preparaci\u00f3n importa casi tanto como el despliegue militar. En ese marco, la ley funciona como una pieza de anticipaci\u00f3n estatal \u2014fr\u00eda, calculada, silenciosa\u2014.<\/p>\n<p>Rusia, el norte y la idea de blindaje<\/p>\n<p>A esto se suma un factor que merece atenci\u00f3n: las nuevas rutas de abastecimiento por el norte, vinculadas a Rusia, ofrecen a China una v\u00eda adicional para diversificar suministros, reducir dependencia de ciertos corredores mar\u00edtimos y ganar margen estrat\u00e9gico. No eliminan vulnerabilidades, pero s\u00ed ayudan a compensarlas. En una hipot\u00e9tica guerra de gran escala, esa red de apoyo podr\u00eda ser tan importante como una flotilla de guerra.<\/p>\n<p>La desventaja naval sigue ah\u00ed, pero no intacta<\/p>\n<p>China todav\u00eda enfrenta una desventaja naval frente a Estados Unidos, especialmente en t\u00e9rminos de proyecci\u00f3n global, experiencia operativa y control oce\u00e1nico sostenido. Sin embargo, la combinaci\u00f3n de reforma legal, capacidad industrial, movilidad nacional y rutas alternativas apunta a una estrategia de reducci\u00f3n de riesgos. No es una soluci\u00f3n total, pero s\u00ed un intento serio de quitarle filo a la asimetr\u00eda.<\/p>\n<p>Un mensaje para leer entre l\u00edneas<\/p>\n<p>Lo que emerge de este conjunto de decisiones es una se\u00f1al de \u00e9poca. Los grandes frentes hegem\u00f3nicos no hablan de guerra abierta, pero s\u00ed parecen organizarse para escenarios m\u00e1s duros, m\u00e1s prolongados y m\u00e1s inestables. En pol\u00edtica internacional, cuando los Estados ajustan al mismo tiempo leyes, log\u00edstica, tecnolog\u00eda y reservas humanas, no est\u00e1n improvisando: est\u00e1n preparando el terreno.<\/p>\n<p>Prepararse no es declarar guerra<\/p>\n<p>China no ha dicho que vaya a guerrear. Pero est\u00e1 dejando claro que quiere estar lista si el mundo entra en una fase de confrontaci\u00f3n mayor. Y ese matiz \u2014ese peque\u00f1o matiz\u2014 lo cambia todo.<\/p>\n","protected":false},"excerpt":{"rendered":"<p>Por: Isc\u00e1nder Santana | Pek\u00edn no anuncia una guerra, pero s\u00ed se prepara para una era m\u00e1s dura La reciente reforma de la Ley de Movilizaci\u00f3n para la Defensa Nacional en China no debe leerse como una declaraci\u00f3n de guerra. Ser\u00eda un error interpretarla as\u00ed. Pero tampoco conviene minimizarla: lo que hace es ampliar y [&hellip;]<\/p>\n","protected":false},"author":1,"featured_media":82068,"comment_status":"open","ping_status":"open","sticky":false,"template":"","format":"standard","meta":{"tdm_status":"","tdm_grid_status":"","footnotes":""},"categories":[53],"tags":[],"_links":{"self":[{"href":"https:\/\/pldaldia.com\/portada\/wp-json\/wp\/v2\/posts\/91278"}],"collection":[{"href":"https:\/\/pldaldia.com\/portada\/wp-json\/wp\/v2\/posts"}],"about":[{"href":"https:\/\/pldaldia.com\/portada\/wp-json\/wp\/v2\/types\/post"}],"author":[{"embeddable":true,"href":"https:\/\/pldaldia.com\/portada\/wp-json\/wp\/v2\/users\/1"}],"replies":[{"embeddable":true,"href":"https:\/\/pldaldia.com\/portada\/wp-json\/wp\/v2\/comments?post=91278"}],"version-history":[{"count":1,"href":"https:\/\/pldaldia.com\/portada\/wp-json\/wp\/v2\/posts\/91278\/revisions"}],"predecessor-version":[{"id":91279,"href":"https:\/\/pldaldia.com\/portada\/wp-json\/wp\/v2\/posts\/91278\/revisions\/91279"}],"wp:featuredmedia":[{"embeddable":true,"href":"https:\/\/pldaldia.com\/portada\/wp-json\/wp\/v2\/media\/82068"}],"wp:attachment":[{"href":"https:\/\/pldaldia.com\/portada\/wp-json\/wp\/v2\/media?parent=91278"}],"wp:term":[{"taxonomy":"category","embeddable":true,"href":"https:\/\/pldaldia.com\/portada\/wp-json\/wp\/v2\/categories?post=91278"},{"taxonomy":"post_tag","embeddable":true,"href":"https:\/\/pldaldia.com\/portada\/wp-json\/wp\/v2\/tags?post=91278"}],"curies":[{"name":"wp","href":"https:\/\/api.w.org\/{rel}","templated":true}]}}