{"id":91280,"date":"2026-09-01T00:17:57","date_gmt":"2026-09-01T04:17:57","guid":{"rendered":"https:\/\/pldaldia.com\/portada\/?p=91280"},"modified":"2026-09-01T00:17:57","modified_gmt":"2026-09-01T04:17:57","slug":"dia-internacional-de-los-primates-3","status":"publish","type":"post","link":"https:\/\/pldaldia.com\/portada\/dia-internacional-de-los-primates-3\/","title":{"rendered":"D\u00eda Internacional de los Primates"},"content":{"rendered":"<p><span data-mce-type=\"bookmark\" style=\"display: inline-block; width: 0px; overflow: hidden; line-height: 0;\" class=\"mce_SELRES_start\">\ufeff<\/span><br \/>\nEl 1 de septiembre se celebra el D\u00eda Internacional de los Primates, con la finalidad de destacar la importancia de conservar estas especies mam\u00edferas, as\u00ed como alertar sobre las amenazas de extinci\u00f3n de algunas de ellas.<\/p>\n<p>Entre las principales amenazas para los primates se encuentran la deforestaci\u00f3n de su h\u00e1bitat, factores ambientales, enfermedades virales, caza ilegal, explotaci\u00f3n con fines comerciales y de entretenimiento.<\/p>\n","protected":false},"excerpt":{"rendered":"<p>\ufeff El 1 de septiembre se celebra el D\u00eda Internacional de los Primates, con la finalidad de destacar la importancia de conservar estas especies mam\u00edferas, as\u00ed como alertar sobre las amenazas de extinci\u00f3n de algunas de ellas. Entre las principales amenazas para los primates se encuentran la deforestaci\u00f3n de su h\u00e1bitat, factores ambientales, enfermedades virales, [&hellip;]<\/p>\n","protected":false},"author":1,"featured_media":91281,"comment_status":"open","ping_status":"open","sticky":false,"template":"","format":"standard","meta":{"tdm_status":"","tdm_grid_status":"","footnotes":""},"categories":[57],"tags":[],"_links":{"self":[{"href":"https:\/\/pldaldia.com\/portada\/wp-json\/wp\/v2\/posts\/91280"}],"collection":[{"href":"https:\/\/pldaldia.com\/portada\/wp-json\/wp\/v2\/posts"}],"about":[{"href":"https:\/\/pldaldia.com\/portada\/wp-json\/wp\/v2\/types\/post"}],"author":[{"embeddable":true,"href":"https:\/\/pldaldia.com\/portada\/wp-json\/wp\/v2\/users\/1"}],"replies":[{"embeddable":true,"href":"https:\/\/pldaldia.com\/portada\/wp-json\/wp\/v2\/comments?post=91280"}],"version-history":[{"count":1,"href":"https:\/\/pldaldia.com\/portada\/wp-json\/wp\/v2\/posts\/91280\/revisions"}],"predecessor-version":[{"id":91282,"href":"https:\/\/pldaldia.com\/portada\/wp-json\/wp\/v2\/posts\/91280\/revisions\/91282"}],"wp:featuredmedia":[{"embeddable":true,"href":"https:\/\/pldaldia.com\/portada\/wp-json\/wp\/v2\/media\/91281"}],"wp:attachment":[{"href":"https:\/\/pldaldia.com\/portada\/wp-json\/wp\/v2\/media?parent=91280"}],"wp:term":[{"taxonomy":"category","embeddable":true,"href":"https:\/\/pldaldia.com\/portada\/wp-json\/wp\/v2\/categories?post=91280"},{"taxonomy":"post_tag","embeddable":true,"href":"https:\/\/pldaldia.com\/portada\/wp-json\/wp\/v2\/tags?post=91280"}],"curies":[{"name":"wp","href":"https:\/\/api.w.org\/{rel}","templated":true}]}}