{"id":91292,"date":"2026-09-01T11:52:07","date_gmt":"2026-09-01T15:52:07","guid":{"rendered":"https:\/\/pldaldia.com\/portada\/?p=91292"},"modified":"2026-09-01T11:52:07","modified_gmt":"2026-09-01T15:52:07","slug":"encuentro-mujeres-que-transforman","status":"publish","type":"post","link":"https:\/\/pldaldia.com\/portada\/encuentro-mujeres-que-transforman\/","title":{"rendered":"Encuentro Mujeres que Transforman"},"content":{"rendered":"<p>El PLD reconoce en San Pedro de Macor\u00eds la trayectoria pol\u00edtica y partidaria de la Dra. Juana Vicente Moronta.<\/p>\n<p>La Secretar\u00eda de Igualdad y Equidad de G\u00e9nero del Partido de la Liberaci\u00f3n Dominicana (PLD), junto a la Direcci\u00f3n Provincial de San Pedro de Macor\u00eds, rindi\u00f3 un reconocimiento a la Dra. Juana Vicente Moronta, miembro del Comit\u00e9 Central y exdiputada, por su trayectoria, entrega, lealtad y compromiso con esa organizaci\u00f3n pol\u00edtica.<\/p>\n<p><a href=\"http:\/\/vanguardiadelpueblo.do\/wp-content\/uploads\/2026\/09\/a44ea39a-ac78-4e30-acf1-c4471383fb47.jpg\"><img decoding=\"async\" loading=\"lazy\" class=\"alignleft size-medium wp-image-244619\" src=\"http:\/\/vanguardiadelpueblo.do\/wp-content\/uploads\/2026\/09\/a44ea39a-ac78-4e30-acf1-c4471383fb47-290x320.jpg\" alt=\"\" width=\"290\" height=\"320\" \/><\/a>El homenaje se realiz\u00f3 durante el encuentro \u201cMujeres que Transforman: Juntas Construimos el Futuro\u201d, que se desarroll\u00f3 con la participaci\u00f3n de mujeres y dirigentes pelede\u00edstas de diferentes estructuras de la provincia.<\/p>\n<p>Durante el acto se resaltaron los aportes de Juana Vicente Moronta al fortalecimiento del Partido de la Liberaci\u00f3n Dominicana, as\u00ed como su trayectoria de participaci\u00f3n pol\u00edtica y su contribuci\u00f3n al liderazgo de las mujeres.<\/p>\n<p>Al hacer entrega del reconocimiento, Cristina Rodr\u00edguez Mota, titular de la Secretar\u00eda de Igualdad y Equidad de G\u00e9nero, destac\u00f3 la importancia de valorar a las mujeres que han dedicado a\u00f1os de su vida al servicio de la organizaci\u00f3n.<\/p>\n<p>\u201cReconocer a Juana Vicente es reconocer una trayectoria de entrega, perseverancia y compromiso. Es tambi\u00e9n decirles a nuestras nuevas generaciones que antes que nosotras hubo mujeres que trabajaron, lucharon y abrieron caminos para que hoy podamos seguir avanzando\u201d, expres\u00f3 Rodr\u00edguez Mota.<\/p>\n<p>El reconocimiento fue otorgado por la Secretar\u00eda de Igualdad y Equidad de G\u00e9nero y la Direcci\u00f3n Provincial de San Pedro de Macor\u00eds del PLD, como expresi\u00f3n de valoraci\u00f3n y gratitud por la trayectoria pol\u00edtica y partidaria de la ex legisladora.<\/p>\n<p>Juana Vicente Moronta agradeci\u00f3 la distinci\u00f3n y comparti\u00f3 un mensaje con las mujeres presentes, en un ambiente de confraternidad y reconocimiento a su trayectoria.<\/p>\n<p>Mujeres Que Transforman: De La Participaci\u00f3n A La Acci\u00f3n<\/p>\n<p><a href=\"http:\/\/vanguardiadelpueblo.do\/wp-content\/uploads\/2026\/09\/783b18e6-beca-4bda-afc3-9358dcaf4dcc.jpg\"><img decoding=\"async\" loading=\"lazy\" class=\"alignright size-medium wp-image-244621\" src=\"http:\/\/vanguardiadelpueblo.do\/wp-content\/uploads\/2026\/09\/783b18e6-beca-4bda-afc3-9358dcaf4dcc-390x320.jpg\" alt=\"\" width=\"390\" height=\"320\" \/><\/a>Como parte de la jornada se desarroll\u00f3 el espacio \u201cDe la Participaci\u00f3n a la Acci\u00f3n\u201d, mediante el cual las participantes pudieron expresar inquietudes, experiencias y propuestas sobre el papel de las mujeres dentro de la organizaci\u00f3n y en sus comunidades.<\/p>\n<p>La iniciativa forma parte de las acciones de la Secretar\u00eda de Igualdad y Equidad de G\u00e9nero dirigidas a promover una participaci\u00f3n femenina que trascienda la presencia en las actividades y se traduzca en organizaci\u00f3n, liderazgo, responsabilidades e incidencia en los espacios de decisi\u00f3n.<\/p>\n<p>La actividad estuvo encabezada por Cristina Rodr\u00edguez Mota, titular de la Secretar\u00eda; Blas Henr\u00edquez, presidente provincial del PLD; y Nelly Altagracia Pilier De Stapleton, vicepresidenta provincial y subsecretaria de Igualdad y Equidad de G\u00e9nero.<\/p>\n<p>Tambi\u00e9n participaron la Dra. Mercedes Rodr\u00edguez Silver, miembro del Comit\u00e9 Central; Pedro Mota, miembro del Comit\u00e9 Central; Dolores Polanco, regidora; miembros de organismos provinciales, dirigentes de comit\u00e9s intermedios y de base; as\u00ed como otras autoridades y militantes del PLD de San Pedro de Macor\u00eds.<\/p>\n<p>La jornada concluy\u00f3 reafirmando la importancia de preservar la memoria y reconocer el legado de las mujeres que han contribuido al desarrollo del PLD, al tiempo que se contin\u00faa abriendo camino para nuevas generaciones de liderazgo femenino.<\/p>\n","protected":false},"excerpt":{"rendered":"<p>El PLD reconoce en San Pedro de Macor\u00eds la trayectoria pol\u00edtica y partidaria de la Dra. Juana Vicente Moronta. La Secretar\u00eda de Igualdad y Equidad de G\u00e9nero del Partido de la Liberaci\u00f3n Dominicana (PLD), junto a la Direcci\u00f3n Provincial de San Pedro de Macor\u00eds, rindi\u00f3 un reconocimiento a la Dra. Juana Vicente Moronta, miembro del [&hellip;]<\/p>\n","protected":false},"author":1,"featured_media":91293,"comment_status":"open","ping_status":"open","sticky":false,"template":"","format":"standard","meta":{"tdm_status":"","tdm_grid_status":"","footnotes":""},"categories":[9],"tags":[],"_links":{"self":[{"href":"https:\/\/pldaldia.com\/portada\/wp-json\/wp\/v2\/posts\/91292"}],"collection":[{"href":"https:\/\/pldaldia.com\/portada\/wp-json\/wp\/v2\/posts"}],"about":[{"href":"https:\/\/pldaldia.com\/portada\/wp-json\/wp\/v2\/types\/post"}],"author":[{"embeddable":true,"href":"https:\/\/pldaldia.com\/portada\/wp-json\/wp\/v2\/users\/1"}],"replies":[{"embeddable":true,"href":"https:\/\/pldaldia.com\/portada\/wp-json\/wp\/v2\/comments?post=91292"}],"version-history":[{"count":1,"href":"https:\/\/pldaldia.com\/portada\/wp-json\/wp\/v2\/posts\/91292\/revisions"}],"predecessor-version":[{"id":91294,"href":"https:\/\/pldaldia.com\/portada\/wp-json\/wp\/v2\/posts\/91292\/revisions\/91294"}],"wp:featuredmedia":[{"embeddable":true,"href":"https:\/\/pldaldia.com\/portada\/wp-json\/wp\/v2\/media\/91293"}],"wp:attachment":[{"href":"https:\/\/pldaldia.com\/portada\/wp-json\/wp\/v2\/media?parent=91292"}],"wp:term":[{"taxonomy":"category","embeddable":true,"href":"https:\/\/pldaldia.com\/portada\/wp-json\/wp\/v2\/categories?post=91292"},{"taxonomy":"post_tag","embeddable":true,"href":"https:\/\/pldaldia.com\/portada\/wp-json\/wp\/v2\/tags?post=91292"}],"curies":[{"name":"wp","href":"https:\/\/api.w.org\/{rel}","templated":true}]}}