{"id":91295,"date":"2026-09-01T13:07:55","date_gmt":"2026-09-01T17:07:55","guid":{"rendered":"https:\/\/pldaldia.com\/portada\/?p=91295"},"modified":"2026-09-01T13:07:55","modified_gmt":"2026-09-01T17:07:55","slug":"garantia-de-oportunidades-para-la-juventud-dominicana","status":"publish","type":"post","link":"https:\/\/pldaldia.com\/portada\/garantia-de-oportunidades-para-la-juventud-dominicana\/","title":{"rendered":"Garant\u00eda de Oportunidades para la juventud dominicana"},"content":{"rendered":"<p>Margarita Cede\u00f1o plantea un programa nacional de primer empleo, formaci\u00f3n, emprendimiento y oportunidades para j\u00f3venes en todo el territorio nacional.<\/p>\n<p>La exvicepresidenta de la Rep\u00fablica Margarita Cede\u00f1o, miembro del Comit\u00e9 Pol\u00edtico del Partido de la Liberaci\u00f3n Dominicana (PLD), propuso la creaci\u00f3n de una Garant\u00eda de Oportunidades para J\u00f3venes, como pol\u00edtica nacional dirigida a facilitar el acceso de las nuevas generaciones a educaci\u00f3n superior, formaci\u00f3n t\u00e9cnico-profesional, pasant\u00edas remuneradas, primer empleo y apoyo al emprendimiento.<\/p>\n<p>En su art\u00edculo \u201cApostemos por nuestros j\u00f3venes\u201d, publicado en su columna Agenda Social del peri\u00f3dico List\u00edn Diario y en Vanguardia del Pueblo, Cede\u00f1o advirti\u00f3 que Rep\u00fablica Dominicana debe crear mejores condiciones para que los j\u00f3venes puedan desarrollarse y prosperar sin sentir que necesitan abandonar el pa\u00eds o sus comunidades para encontrar oportunidades.<\/p>\n<p>La ex vicepresidenta se\u00f1al\u00f3 que uno de los principales retos sigue siendo la transici\u00f3n entre la educaci\u00f3n, la formaci\u00f3n y el mercado laboral, por lo que consider\u00f3 indispensable construir un verdadero puente entre las aulas y el empleo.<\/p>\n<p>En ese sentido, plante\u00f3 cinco compromisos fundamentales para una pol\u00edtica nacional de oportunidades juveniles.<\/p>\n<p>El primero consiste en garantizar que todo joven que termine el bachillerato tenga acceso a una alternativa concreta: universidad, formaci\u00f3n t\u00e9cnico-profesional, pasant\u00eda remunerada, primer empleo o apoyo para emprender.<\/p>\n<p>Como segundo eje, propuso un gran Programa Nacional de Primer Empleo, mediante alianzas entre el Estado y el sector privado, con incentivos para las empresas que contraten j\u00f3venes sin experiencia y les proporcionen formaci\u00f3n certificada.<\/p>\n<p>Cede\u00f1o tambi\u00e9n plante\u00f3 convertir las competencias digitales y el dominio del ingl\u00e9s en herramientas masivas de movilidad social, aprovechando las oportunidades que ofrecen la inteligencia artificial, los servicios digitales y el trabajo remoto.<\/p>\n<p>Un cuarto compromiso est\u00e1 dirigido al emprendimiento juvenil, mediante fondos de capital semilla, mentor\u00edas, incubadoras regionales y mecanismos que faciliten la formalizaci\u00f3n de peque\u00f1os negocios.<\/p>\n<p>Asimismo, reclam\u00f3 una distribuci\u00f3n territorial m\u00e1s equitativa de las oportunidades, para que j\u00f3venes de provincias como Monte Plata, El\u00edas Pi\u00f1a, Pedernales, Dajab\u00f3n o San Juan puedan acceder a formaci\u00f3n, conectividad y generaci\u00f3n de ingresos sin verse obligados a emigrar hacia los principales centros urbanos.<\/p>\n<p>La ex vicemandataria resalt\u00f3 adem\u00e1s la necesidad de fortalecer la educaci\u00f3n t\u00e9cnico-profesional en \u00e1reas como programaci\u00f3n, inteligencia artificial, ciberseguridad, an\u00e1lisis de datos, ingl\u00e9s, log\u00edstica, mecatr\u00f3nica, energ\u00edas renovables, econom\u00eda creativa, turismo especializado y servicios digitales.<\/p>\n<p>Consider\u00f3 igualmente indispensable incorporar directamente a los j\u00f3venes en el dise\u00f1o de las pol\u00edticas p\u00fablicas que les afectan.<\/p>\n<p>Cede\u00f1o afirm\u00f3 que las pol\u00edticas juveniles deben evaluarse por resultados concretos y no solamente por la cantidad de personas inscritas en programas p\u00fablicos. Indic\u00f3 que es necesario medir cu\u00e1ntos j\u00f3venes completan su formaci\u00f3n, consiguen empleo, mejoran sus ingresos, permanecen trabajando despu\u00e9s de un a\u00f1o o logran sostener sus emprendimientos.<\/p>\n<p>Finalmente, sostuvo que el pr\u00f3ximo gran desaf\u00edo de Rep\u00fablica Dominicana debe ser convertir el crecimiento econ\u00f3mico en verdadera movilidad social para las nuevas generaciones.<\/p>\n<p>\u201cLa juventud dominicana no est\u00e1 esperando que le regalemos el futuro. Est\u00e1 esperando que eliminemos las barreras que le impiden construirlo\u201d, concluy\u00f3.<\/p>\n","protected":false},"excerpt":{"rendered":"<p>Margarita Cede\u00f1o plantea un programa nacional de primer empleo, formaci\u00f3n, emprendimiento y oportunidades para j\u00f3venes en todo el territorio nacional. La exvicepresidenta de la Rep\u00fablica Margarita Cede\u00f1o, miembro del Comit\u00e9 Pol\u00edtico del Partido de la Liberaci\u00f3n Dominicana (PLD), propuso la creaci\u00f3n de una Garant\u00eda de Oportunidades para J\u00f3venes, como pol\u00edtica nacional dirigida a facilitar el [&hellip;]<\/p>\n","protected":false},"author":1,"featured_media":91296,"comment_status":"open","ping_status":"open","sticky":false,"template":"","format":"standard","meta":{"tdm_status":"","tdm_grid_status":"","footnotes":""},"categories":[9],"tags":[],"_links":{"self":[{"href":"https:\/\/pldaldia.com\/portada\/wp-json\/wp\/v2\/posts\/91295"}],"collection":[{"href":"https:\/\/pldaldia.com\/portada\/wp-json\/wp\/v2\/posts"}],"about":[{"href":"https:\/\/pldaldia.com\/portada\/wp-json\/wp\/v2\/types\/post"}],"author":[{"embeddable":true,"href":"https:\/\/pldaldia.com\/portada\/wp-json\/wp\/v2\/users\/1"}],"replies":[{"embeddable":true,"href":"https:\/\/pldaldia.com\/portada\/wp-json\/wp\/v2\/comments?post=91295"}],"version-history":[{"count":1,"href":"https:\/\/pldaldia.com\/portada\/wp-json\/wp\/v2\/posts\/91295\/revisions"}],"predecessor-version":[{"id":91297,"href":"https:\/\/pldaldia.com\/portada\/wp-json\/wp\/v2\/posts\/91295\/revisions\/91297"}],"wp:featuredmedia":[{"embeddable":true,"href":"https:\/\/pldaldia.com\/portada\/wp-json\/wp\/v2\/media\/91296"}],"wp:attachment":[{"href":"https:\/\/pldaldia.com\/portada\/wp-json\/wp\/v2\/media?parent=91295"}],"wp:term":[{"taxonomy":"category","embeddable":true,"href":"https:\/\/pldaldia.com\/portada\/wp-json\/wp\/v2\/categories?post=91295"},{"taxonomy":"post_tag","embeddable":true,"href":"https:\/\/pldaldia.com\/portada\/wp-json\/wp\/v2\/tags?post=91295"}],"curies":[{"name":"wp","href":"https:\/\/api.w.org\/{rel}","templated":true}]}}