{"id":91298,"date":"2026-09-01T16:33:23","date_gmt":"2026-09-01T20:33:23","guid":{"rendered":"https:\/\/pldaldia.com\/portada\/?p=91298"},"modified":"2026-09-01T16:33:23","modified_gmt":"2026-09-01T20:33:23","slug":"afirma-crecimiento-economico-no-se-refleja-en-bienestar-de-la-poblacion","status":"publish","type":"post","link":"https:\/\/pldaldia.com\/portada\/afirma-crecimiento-economico-no-se-refleja-en-bienestar-de-la-poblacion\/","title":{"rendered":"Afirma crecimiento econ\u00f3mico no se refleja en bienestar de la poblaci\u00f3n"},"content":{"rendered":"<p>Tem\u00edstocles Mont\u00e1s advierte bajo dinamismo en sectores vinculados al empleo y al consumo y considera un grave error aumentar la tarifa el\u00e9ctrica.<\/p>\n<p>Tem\u00edstocles Mont\u00e1s, vicepresidente del Partido de la Liberaci\u00f3n Dominicana (PLD), afirm\u00f3 que el crecimiento econ\u00f3mico reportado por el gobierno no se est\u00e1 reflejando en una mejor\u00eda de las condiciones de vida de la poblaci\u00f3n dominicana.<\/p>\n<p>Entrevistado en el programa Despierta RD, Mont\u00e1s se\u00f1al\u00f3 que, aunque los datos del Banco Central indican un crecimiento de alrededor de 4.5 % durante los primeros siete meses del a\u00f1o, es necesario analizar cu\u00e1les sectores est\u00e1n impulsando ese resultado.<\/p>\n<p>Explic\u00f3 que la construcci\u00f3n privada ha sido uno de los principales motores de la econom\u00eda, pero advirti\u00f3 que su expansi\u00f3n tiene un impacto limitado sobre el empleo de los trabajadores dominicanos.<\/p>\n<p>Indic\u00f3 que sectores estrechamente relacionados con el consumo y la generaci\u00f3n de empleos muestran un desempe\u00f1o mucho m\u00e1s moderado. Cit\u00f3 el comercio, con un crecimiento de aproximadamente 2.4 %, y la manufactura y zonas francas, con alrededor de 3.2 %.<\/p>\n<p>\u201cLos sectores que realmente inciden en la vida cotidiana de la gente no est\u00e1n creciendo\u201d, sostuvo.<\/p>\n<p>Mont\u00e1s afirm\u00f3 que la agricultura tambi\u00e9n atraviesa dificultades por la falta de apoyo a los productores, problemas de tecnificaci\u00f3n y la incidencia de plagas y enfermedades que han afectado distintos rubros.<\/p>\n<p>Asimismo, se\u00f1al\u00f3 que la miner\u00eda contribuy\u00f3 al crecimiento como consecuencia del aumento del precio internacional del oro, pero record\u00f3 que se trata de una actividad con limitada generaci\u00f3n de empleos.<\/p>\n<p>A su juicio, esos factores explican la diferencia entre los buenos indicadores macroecon\u00f3micos y la percepci\u00f3n que tienen las familias sobre su situaci\u00f3n econ\u00f3mica.<\/p>\n<p>\u201cUna cosa es lo que se dice desde el punto de vista macro, que la econom\u00eda va bien, y otra cosa es lo que se ve abajo\u201d, expres\u00f3.<\/p>\n<p>El dirigente pelede\u00edsta sostuvo que el alto costo de la vida contin\u00faa siendo una de las principales preocupaciones de la poblaci\u00f3n, junto con la inseguridad y la corrupci\u00f3n.<\/p>\n<p>Tambi\u00e9n estim\u00f3 que la inversi\u00f3n p\u00fablica terminar\u00eda el a\u00f1o en alrededor de 1.5 % del producto interno bruto, nivel que considera insuficiente para contribuir de manera significativa a dinamizar la econom\u00eda.<\/p>\n<p>Rechaza aumento tarifa el\u00e9ctrica<\/p>\n<p>Mont\u00e1s advirti\u00f3 que ser\u00eda un grave error disponer un nuevo incremento de la tarifa el\u00e9ctrica en las actuales circunstancias.<\/p>\n<p>\u201cOjal\u00e1 que no, porque realmente, en el contexto en que est\u00e1 la situaci\u00f3n del pa\u00eds, yo creo que ser\u00eda un grave error que el Gobierno trate de incrementar los precios de la electricidad\u201d, manifest\u00f3.<\/p>\n<p>Consider\u00f3 que los hogares ya enfrentan fuertes presiones econ\u00f3micas y que un nuevo aumento del servicio el\u00e9ctrico agravar\u00eda su situaci\u00f3n.<\/p>\n<p>PLD y proceso interno<\/p>\n<p>En el \u00e1mbito pol\u00edtico, Tem\u00edstocles Mont\u00e1s neg\u00f3 que exista una crisis dentro del PLD por las aspiraciones presidenciales y asegur\u00f3 que las diferencias forman parte de un proceso democr\u00e1tico normal.<\/p>\n<p>El dirigente pelede\u00edsta afirm\u00f3 que el presidente del partido, Danilo Medina, mantiene una posici\u00f3n neutral frente a los aspirantes.<\/p>\n<p>\u201cEl compa\u00f1ero Danilo no est\u00e1 promoviendo a nadie. El compa\u00f1ero Danilo est\u00e1 neutral\u201d, declar\u00f3.<\/p>\n<p>Mont\u00e1s sostuvo que el proceso debe desarrollarse hasta su conclusi\u00f3n y que quienes no resulten favorecidos, deben reconocer los resultados.<\/p>\n<p>Asimismo, afirm\u00f3 que actualmente ninguna fuerza pol\u00edtica est\u00e1 en condiciones de ganar las elecciones presidenciales de 2028 en primera vuelta.<\/p>\n<p>Reconoci\u00f3 que existe una p\u00e9rdida de confianza de la ciudadan\u00eda en los partidos pol\u00edticos y se\u00f1al\u00f3 que el PLD trabaja para recuperarla mediante su fortalecimiento y un mayor acercamiento con la sociedad.<\/p>\n<p>\u201cDentro del PLD estamos trabajando precisamente para tratar de recuperar la confianza\u201d, concluy\u00f3.<\/p>\n","protected":false},"excerpt":{"rendered":"<p>Tem\u00edstocles Mont\u00e1s advierte bajo dinamismo en sectores vinculados al empleo y al consumo y considera un grave error aumentar la tarifa el\u00e9ctrica. Tem\u00edstocles Mont\u00e1s, vicepresidente del Partido de la Liberaci\u00f3n Dominicana (PLD), afirm\u00f3 que el crecimiento econ\u00f3mico reportado por el gobierno no se est\u00e1 reflejando en una mejor\u00eda de las condiciones de vida de la [&hellip;]<\/p>\n","protected":false},"author":1,"featured_media":91299,"comment_status":"open","ping_status":"open","sticky":false,"template":"","format":"standard","meta":{"tdm_status":"","tdm_grid_status":"","footnotes":""},"categories":[9],"tags":[],"_links":{"self":[{"href":"https:\/\/pldaldia.com\/portada\/wp-json\/wp\/v2\/posts\/91298"}],"collection":[{"href":"https:\/\/pldaldia.com\/portada\/wp-json\/wp\/v2\/posts"}],"about":[{"href":"https:\/\/pldaldia.com\/portada\/wp-json\/wp\/v2\/types\/post"}],"author":[{"embeddable":true,"href":"https:\/\/pldaldia.com\/portada\/wp-json\/wp\/v2\/users\/1"}],"replies":[{"embeddable":true,"href":"https:\/\/pldaldia.com\/portada\/wp-json\/wp\/v2\/comments?post=91298"}],"version-history":[{"count":1,"href":"https:\/\/pldaldia.com\/portada\/wp-json\/wp\/v2\/posts\/91298\/revisions"}],"predecessor-version":[{"id":91300,"href":"https:\/\/pldaldia.com\/portada\/wp-json\/wp\/v2\/posts\/91298\/revisions\/91300"}],"wp:featuredmedia":[{"embeddable":true,"href":"https:\/\/pldaldia.com\/portada\/wp-json\/wp\/v2\/media\/91299"}],"wp:attachment":[{"href":"https:\/\/pldaldia.com\/portada\/wp-json\/wp\/v2\/media?parent=91298"}],"wp:term":[{"taxonomy":"category","embeddable":true,"href":"https:\/\/pldaldia.com\/portada\/wp-json\/wp\/v2\/categories?post=91298"},{"taxonomy":"post_tag","embeddable":true,"href":"https:\/\/pldaldia.com\/portada\/wp-json\/wp\/v2\/tags?post=91298"}],"curies":[{"name":"wp","href":"https:\/\/api.w.org\/{rel}","templated":true}]}}