{"id":91301,"date":"2026-09-02T00:31:51","date_gmt":"2026-09-02T04:31:51","guid":{"rendered":"https:\/\/pldaldia.com\/portada\/?p=91301"},"modified":"2026-09-02T00:31:51","modified_gmt":"2026-09-02T04:31:51","slug":"dia-global-de-adquisicion-de-talento-2","status":"publish","type":"post","link":"https:\/\/pldaldia.com\/portada\/dia-global-de-adquisicion-de-talento-2\/","title":{"rendered":"D\u00eda Global de Adquisici\u00f3n de Talento"},"content":{"rendered":"<p>El primer mi\u00e9rcoles de septiembre se celebra el D\u00eda Global de Adquisici\u00f3n de Talento.<\/p>\n<p>En un mundo que evoluciona r\u00e1pidamente, la gesti\u00f3n del talento se ha convertido en una piedra angular para el \u00e9xito de las organizaciones.<\/p>\n<p>Cada a\u00f1o, el D\u00eda Global de Adquisici\u00f3n de Talento celebra la importancia de identificar, atraer y retener a los mejores talentos en todas las industrias.<\/p>\n","protected":false},"excerpt":{"rendered":"<p>El primer mi\u00e9rcoles de septiembre se celebra el D\u00eda Global de Adquisici\u00f3n de Talento. En un mundo que evoluciona r\u00e1pidamente, la gesti\u00f3n del talento se ha convertido en una piedra angular para el \u00e9xito de las organizaciones. Cada a\u00f1o, el D\u00eda Global de Adquisici\u00f3n de Talento celebra la importancia de identificar, atraer y retener a [&hellip;]<\/p>\n","protected":false},"author":1,"featured_media":91302,"comment_status":"open","ping_status":"open","sticky":false,"template":"","format":"standard","meta":{"tdm_status":"","tdm_grid_status":"","footnotes":""},"categories":[57],"tags":[],"_links":{"self":[{"href":"https:\/\/pldaldia.com\/portada\/wp-json\/wp\/v2\/posts\/91301"}],"collection":[{"href":"https:\/\/pldaldia.com\/portada\/wp-json\/wp\/v2\/posts"}],"about":[{"href":"https:\/\/pldaldia.com\/portada\/wp-json\/wp\/v2\/types\/post"}],"author":[{"embeddable":true,"href":"https:\/\/pldaldia.com\/portada\/wp-json\/wp\/v2\/users\/1"}],"replies":[{"embeddable":true,"href":"https:\/\/pldaldia.com\/portada\/wp-json\/wp\/v2\/comments?post=91301"}],"version-history":[{"count":1,"href":"https:\/\/pldaldia.com\/portada\/wp-json\/wp\/v2\/posts\/91301\/revisions"}],"predecessor-version":[{"id":91303,"href":"https:\/\/pldaldia.com\/portada\/wp-json\/wp\/v2\/posts\/91301\/revisions\/91303"}],"wp:featuredmedia":[{"embeddable":true,"href":"https:\/\/pldaldia.com\/portada\/wp-json\/wp\/v2\/media\/91302"}],"wp:attachment":[{"href":"https:\/\/pldaldia.com\/portada\/wp-json\/wp\/v2\/media?parent=91301"}],"wp:term":[{"taxonomy":"category","embeddable":true,"href":"https:\/\/pldaldia.com\/portada\/wp-json\/wp\/v2\/categories?post=91301"},{"taxonomy":"post_tag","embeddable":true,"href":"https:\/\/pldaldia.com\/portada\/wp-json\/wp\/v2\/tags?post=91301"}],"curies":[{"name":"wp","href":"https:\/\/api.w.org\/{rel}","templated":true}]}}