{"id":91309,"date":"2026-09-02T00:34:13","date_gmt":"2026-09-02T04:34:13","guid":{"rendered":"https:\/\/pldaldia.com\/portada\/?p=91309"},"modified":"2026-09-02T00:34:13","modified_gmt":"2026-09-02T04:34:13","slug":"el-comercio-minorista-en-los-barrios-populosos-del","status":"publish","type":"post","link":"https:\/\/pldaldia.com\/portada\/el-comercio-minorista-en-los-barrios-populosos-del\/","title":{"rendered":"El comercio minorista en los barrios populosos del"},"content":{"rendered":"<p>Ca\u00edda dr\u00e1stica del comercio<\/p>\n<p>Gran Santo Domingo atraviesa una seria baja en las ventas, marcada por la escasez de circulante y el alto costo de la canasta b\u00e1sica, factores que han reducido dr\u00e1sticamente las ventas de productos y servicios.<\/p>\n<p>El reporte es del periodico El Nacional que entrevist\u00f3 comerciantes de Cristo Rey, Villa Consuelo y Villa Juana, quienes coincidieron en que el movimiento econ\u00f3mico ha ca\u00eddo dr\u00e1sticamente en los \u00faltimos meses, pero que en agosto, como en todos los a\u00f1os, las cosas han empeorado.<\/p>\n","protected":false},"excerpt":{"rendered":"<p>Ca\u00edda dr\u00e1stica del comercio Gran Santo Domingo atraviesa una seria baja en las ventas, marcada por la escasez de circulante y el alto costo de la canasta b\u00e1sica, factores que han reducido dr\u00e1sticamente las ventas de productos y servicios. El reporte es del periodico El Nacional que entrevist\u00f3 comerciantes de Cristo Rey, Villa Consuelo y [&hellip;]<\/p>\n","protected":false},"author":1,"featured_media":91306,"comment_status":"open","ping_status":"open","sticky":false,"template":"","format":"standard","meta":{"tdm_status":"","tdm_grid_status":"","footnotes":""},"categories":[50],"tags":[],"_links":{"self":[{"href":"https:\/\/pldaldia.com\/portada\/wp-json\/wp\/v2\/posts\/91309"}],"collection":[{"href":"https:\/\/pldaldia.com\/portada\/wp-json\/wp\/v2\/posts"}],"about":[{"href":"https:\/\/pldaldia.com\/portada\/wp-json\/wp\/v2\/types\/post"}],"author":[{"embeddable":true,"href":"https:\/\/pldaldia.com\/portada\/wp-json\/wp\/v2\/users\/1"}],"replies":[{"embeddable":true,"href":"https:\/\/pldaldia.com\/portada\/wp-json\/wp\/v2\/comments?post=91309"}],"version-history":[{"count":1,"href":"https:\/\/pldaldia.com\/portada\/wp-json\/wp\/v2\/posts\/91309\/revisions"}],"predecessor-version":[{"id":91310,"href":"https:\/\/pldaldia.com\/portada\/wp-json\/wp\/v2\/posts\/91309\/revisions\/91310"}],"wp:featuredmedia":[{"embeddable":true,"href":"https:\/\/pldaldia.com\/portada\/wp-json\/wp\/v2\/media\/91306"}],"wp:attachment":[{"href":"https:\/\/pldaldia.com\/portada\/wp-json\/wp\/v2\/media?parent=91309"}],"wp:term":[{"taxonomy":"category","embeddable":true,"href":"https:\/\/pldaldia.com\/portada\/wp-json\/wp\/v2\/categories?post=91309"},{"taxonomy":"post_tag","embeddable":true,"href":"https:\/\/pldaldia.com\/portada\/wp-json\/wp\/v2\/tags?post=91309"}],"curies":[{"name":"wp","href":"https:\/\/api.w.org\/{rel}","templated":true}]}}