{"id":91312,"date":"2026-09-02T09:01:40","date_gmt":"2026-09-02T13:01:40","guid":{"rendered":"https:\/\/pldaldia.com\/portada\/?p=91312"},"modified":"2026-09-02T09:01:40","modified_gmt":"2026-09-02T13:01:40","slug":"afinando-agenda-legislativa-del-pld","status":"publish","type":"post","link":"https:\/\/pldaldia.com\/portada\/afinando-agenda-legislativa-del-pld\/","title":{"rendered":"Afinando agenda legislativa del PLD"},"content":{"rendered":"<p>Fruct\u00edfera reuni\u00f3n de trabajo del bloque parlamentario del PLD con el Presidente Danilo Medina y el Secretario general, Johnny Pujols<\/p>\n<p>El Bloque de Diputados del Partido de la Liberaci\u00f3n Dominicana (PLD) se reuni\u00f3 con una representaci\u00f3n de la direcci\u00f3n Partidaria encabezada por el ex Presidente de la Rep\u00fablica, Danilo Medina, Presidente del PLD, el Secretario General, Johnny Pujols, la Vicepresidenta, Zoraima Cuello y el titular de la Secretar\u00eda de Asuntos Legislativos, Alejandro Mont\u00e1s.<\/p>\n<p>Ydenia Do\u00f1\u00e9, vocera de la bancada, encabez\u00f3 los congresistas que se reunieron con el Presidente Danilo Medina, afinando los aspectos relativos a la agenda a seguir por el PLD en el Congreso de la Rep\u00fablica.<\/p>\n<p><a href=\"http:\/\/vanguardiadelpueblo.do\/wp-content\/uploads\/2026\/09\/a718ada7-201e-4fc0-8f16-fda9154b1aba.jpg\"><img decoding=\"async\" loading=\"lazy\" class=\"alignright size-medium wp-image-244646\" src=\"http:\/\/vanguardiadelpueblo.do\/wp-content\/uploads\/2026\/09\/a718ada7-201e-4fc0-8f16-fda9154b1aba-480x254.jpg\" alt=\"\" width=\"480\" height=\"254\" \/><\/a>Los participantes valoraron la calidad del encuentro concluyendo que esas reuniones, que se realizar\u00e1n peri\u00f3dicamente, servir\u00e1n para fortalecer el trabajo legislativo y mantener un v\u00ednculo directo de coordinaci\u00f3n partidaria.<\/p>\n<p>La bancada completa asisti\u00f3 a la reuni\u00f3n, solo con la excusa de Gustavo S\u00e1nchez, miembro del Comit\u00e9 Pol\u00edtico, quien se encuentra en el exterior.<\/p>\n<p>La tradici\u00f3n de la bancada del PLD, en su contacto con la direcci\u00f3n partidaria, se fundamenta en el centralismo democr\u00e1tico, el respeto estricto a la l\u00ednea pol\u00edtica institucional y a los mandatos del Comit\u00e9 Pol\u00edtico, quien estatutariamente es quien dirige las l\u00edneas a seguir, tanto en el Congreso, como en los municipios<\/p>\n<p>Los congresista del PLD se gu\u00edan por el lema partidario \u00abServir al Partido para Servir al Pueblo\u00bb, promoviendo as\u00ed el bienestar colectivo y el respeto a normas y principios partidarios y a las leyes del pa\u00eds<\/p>\n","protected":false},"excerpt":{"rendered":"<p>Fruct\u00edfera reuni\u00f3n de trabajo del bloque parlamentario del PLD con el Presidente Danilo Medina y el Secretario general, Johnny Pujols El Bloque de Diputados del Partido de la Liberaci\u00f3n Dominicana (PLD) se reuni\u00f3 con una representaci\u00f3n de la direcci\u00f3n Partidaria encabezada por el ex Presidente de la Rep\u00fablica, Danilo Medina, Presidente del PLD, el Secretario [&hellip;]<\/p>\n","protected":false},"author":1,"featured_media":91313,"comment_status":"open","ping_status":"open","sticky":false,"template":"","format":"standard","meta":{"tdm_status":"","tdm_grid_status":"","footnotes":""},"categories":[9],"tags":[],"_links":{"self":[{"href":"https:\/\/pldaldia.com\/portada\/wp-json\/wp\/v2\/posts\/91312"}],"collection":[{"href":"https:\/\/pldaldia.com\/portada\/wp-json\/wp\/v2\/posts"}],"about":[{"href":"https:\/\/pldaldia.com\/portada\/wp-json\/wp\/v2\/types\/post"}],"author":[{"embeddable":true,"href":"https:\/\/pldaldia.com\/portada\/wp-json\/wp\/v2\/users\/1"}],"replies":[{"embeddable":true,"href":"https:\/\/pldaldia.com\/portada\/wp-json\/wp\/v2\/comments?post=91312"}],"version-history":[{"count":1,"href":"https:\/\/pldaldia.com\/portada\/wp-json\/wp\/v2\/posts\/91312\/revisions"}],"predecessor-version":[{"id":91314,"href":"https:\/\/pldaldia.com\/portada\/wp-json\/wp\/v2\/posts\/91312\/revisions\/91314"}],"wp:featuredmedia":[{"embeddable":true,"href":"https:\/\/pldaldia.com\/portada\/wp-json\/wp\/v2\/media\/91313"}],"wp:attachment":[{"href":"https:\/\/pldaldia.com\/portada\/wp-json\/wp\/v2\/media?parent=91312"}],"wp:term":[{"taxonomy":"category","embeddable":true,"href":"https:\/\/pldaldia.com\/portada\/wp-json\/wp\/v2\/categories?post=91312"},{"taxonomy":"post_tag","embeddable":true,"href":"https:\/\/pldaldia.com\/portada\/wp-json\/wp\/v2\/tags?post=91312"}],"curies":[{"name":"wp","href":"https:\/\/api.w.org\/{rel}","templated":true}]}}