{"id":91317,"date":"2026-09-02T09:25:02","date_gmt":"2026-09-02T13:25:02","guid":{"rendered":"https:\/\/pldaldia.com\/portada\/?p=91317"},"modified":"2026-09-02T09:25:02","modified_gmt":"2026-09-02T13:25:02","slug":"acertado-paso-del-instituto-de-formacion-politica-profesor-juan-bosch","status":"publish","type":"post","link":"https:\/\/pldaldia.com\/portada\/acertado-paso-del-instituto-de-formacion-politica-profesor-juan-bosch\/","title":{"rendered":"Acertado paso del Instituto de Formaci\u00f3n Pol\u00edtica Profesor Juan Bosch"},"content":{"rendered":"<p>MESCyT destaca avances en proceso de evaluaci\u00f3n del Instituto Profesor Juan Bosch para su reconocimiento como instituci\u00f3n de educaci\u00f3n superior<\/p>\n<p>El Partido de la Liberaci\u00f3n Dominicana (PLD) inform\u00f3 de los avances alcanzados en el proceso de evaluaci\u00f3n del Instituto de Formaci\u00f3n Pol\u00edtica Profesor Juan Bosch para su reconocimiento como instituci\u00f3n de educaci\u00f3n superior.<\/p>\n<p>En declaraciones conjuntas del Secretario General del PLD, Johnny Pujols y Alejandrina German, presidenta del Instituto, calificaron como significativo el proceso de evaluaci\u00f3n que podr\u00eda permitir a la entidad alcanzar la categor\u00eda de instituci\u00f3n de educaci\u00f3n superior.<\/p>\n<p>Pujols y Germ\u00e1n expresaron su agradecimiento al ministro de Educaci\u00f3n Superior, Ciencia y Tecnolog\u00eda (MESCyT), Rafael Santos Bad\u00eda, quien recibi\u00f3 una comisi\u00f3n del Consejo Acad\u00e9mico del Instituto de Formaci\u00f3n Pol\u00edtica informando de los avances del proceso de evaluaci\u00f3n que desarrolla esa entidad con miras a obtener su reconocimiento como instituci\u00f3n de educaci\u00f3n superior.<\/p>\n<p>El secretario general del PLD, Johnny Pujols, agradeci\u00f3 al ministro Santos Bad\u00eda y al equipo t\u00e9cnico del MESCyT por la atenci\u00f3n prestada al proceso y destac\u00f3 la relevancia que tiene para la organizaci\u00f3n la creaci\u00f3n de espacios formales de formaci\u00f3n.<\/p>\n<p>Mientras que Alejandrina Germ\u00e1n consider\u00f3 fundamental que el Instituto de Formaci\u00f3n Pol\u00edtica, Profesor Juan Bosch, pueda contar con la categor\u00eda de Instituto de Educaci\u00f3n Superior\u201d.<\/p>\n<p>Desde el ministerio de Educaci\u00f3n Superior, Ciencia y Tecnolog\u00eda (MESCyT se emiti\u00f3 una nota period\u00edstica, ilustrada con im\u00e1genes fotogr\u00e1ficas, que procedemos a reproducir.<\/p>\n<p>Santo Domingo. \u2013 El ministro de Educaci\u00f3n Superior, Ciencia y Tecnolog\u00eda (MESCyT), Rafael Santos Bad\u00eda, recibi\u00f3 una comisi\u00f3n del Consejo Acad\u00e9mico del Instituto de Formaci\u00f3n Pol\u00edtica Profesor Juan Bosch, con la que abord\u00f3 los avances del proceso de evaluaci\u00f3n que desarrolla esa entidad con miras a obtener su reconocimiento como instituci\u00f3n de educaci\u00f3n superior.<\/p>\n<p>Durante el encuentro, Santos Bad\u00eda destac\u00f3 los resultados alcanzados hasta el momento en la revisi\u00f3n de los componentes acad\u00e9micos, organizativos y normativos de la entidad, y explic\u00f3 que las evaluaciones realizadas abarcan elementos esenciales como el plan acad\u00e9mico, la estructura institucional y los reglamentos.<\/p>\n<p>\u201cMe da mucho gusto informar al pa\u00eds que todas las evaluaciones del plan acad\u00e9mico, la estructura y los reglamentos de este instituto re\u00fanen las condiciones para otorgarle el reconocimiento\u201d, afirm\u00f3 el ministro.<\/p>\n<p><a href=\"http:\/\/vanguardiadelpueblo.do\/wp-content\/uploads\/2026\/09\/baca7f84-b2df-4b4c-af4b-99f552170cea.jpg\"><img decoding=\"async\" loading=\"lazy\" class=\"size-medium wp-image-244653 alignleft\" src=\"http:\/\/vanguardiadelpueblo.do\/wp-content\/uploads\/2026\/09\/baca7f84-b2df-4b4c-af4b-99f552170cea-445x320.jpg\" alt=\"\" width=\"445\" height=\"320\" \/><\/a>El titular del MESCyT inform\u00f3 que la comisi\u00f3n t\u00e9cnica responsable de conocer el expediente se reunir\u00e1 el pr\u00f3ximo viernes, luego de haber realizado la visita de evaluaci\u00f3n al instituto, como parte del procedimiento establecido para este tipo de solicitudes.<\/p>\n<p>Santos Bad\u00eda manifest\u00f3 su expectativa de que el proceso contin\u00fae favorablemente y subray\u00f3 que la decisi\u00f3n deber\u00e1 producirse conforme a las instancias t\u00e9cnicas, normativas e institucionales correspondientes.<\/p>\n<p>El ministro resalt\u00f3, adem\u00e1s, la importancia de que iniciativas de esta naturaleza contribuyan al fortalecimiento de la formaci\u00f3n acad\u00e9mica en la Rep\u00fablica Dominicana, especialmente en \u00e1reas vinculadas con la ciudadan\u00eda, la gesti\u00f3n p\u00fablica, el pensamiento pol\u00edtico y los desaf\u00edos derivados de la transformaci\u00f3n tecnol\u00f3gica.<\/p>\n<p>En ese contexto, reconoci\u00f3 el esfuerzo realizado para estructurar una propuesta acad\u00e9mica concebida para trascender el \u00e1mbito partidario y estar abierta a ciudadanos interesados en una formaci\u00f3n especializada.<\/p>\n<p>\u201cEs muy importante que ese instituto funcione. Para m\u00ed es un placer recibir esta comisi\u00f3n. Es un partido que ha contribuido mucho a la democracia en Rep\u00fablica Dominicana y nosotros no podemos menos que respetar el esfuerzo que han hecho para tener una instituci\u00f3n de formaci\u00f3n acad\u00e9mica, donde no solo van a estudiar militantes del PLD, sino ciudadanos de Rep\u00fablica Dominicana. As\u00ed que cuenten con mi apoyo y mi consideraci\u00f3n\u201d, expres\u00f3 Santos Bad\u00eda.<\/p>\n<p>Johnny Pujols destaca importancia de la formaci\u00f3n acad\u00e9mica y tecnol\u00f3gica<\/p>\n<p>Durante el encuentro, el secretario general del PLD, Johnny Pujols, agradeci\u00f3 al ministro Santos Bad\u00eda y al equipo t\u00e9cnico del MESCyT por la atenci\u00f3n prestada al proceso y destac\u00f3 la relevancia que tiene para la organizaci\u00f3n la creaci\u00f3n de espacios formales de formaci\u00f3n.<\/p>\n<p>Pujols explic\u00f3 que el proyecto busca articular la formaci\u00f3n pol\u00edtica con los conocimientos tecnol\u00f3gicos, en respuesta a los desaf\u00edos que enfrenta la sociedad dominicana y, particularmente, la actividad pol\u00edtica en un contexto de transformaci\u00f3n digital.<\/p>\n<p>\u201cPara nosotros es clave la formaci\u00f3n, la formaci\u00f3n pol\u00edtica, pero tambi\u00e9n la tecnolog\u00eda. Es un gran desaf\u00edo que tiene la pol\u00edtica y que tiene el pa\u00eds\u201d, expres\u00f3.<\/p>\n<p>Alejandrina Germ\u00e1n resalta trascendencia del proceso<\/p>\n<p>De su lado, Alejandrina Germ\u00e1n, presidenta del Instituto de Formaci\u00f3n Pol\u00edtica Profesor Juan Bosch, calific\u00f3 como significativo el proceso de evaluaci\u00f3n que podr\u00eda permitir a la entidad alcanzar la categor\u00eda de instituci\u00f3n de educaci\u00f3n superior.<\/p>\n<p>\u201cEs fundamental, es muy importante y ser\u00e1 para m\u00ed un alto honor que esa gran instituci\u00f3n pueda contar con la categor\u00eda de Instituto de Educaci\u00f3n Superior\u201d, manifest\u00f3.<\/p>\n<p>El proceso se desarrolla en el marco de las competencias del MESCyT para evaluar el cumplimiento de los requisitos acad\u00e9micos, institucionales y normativos aplicables a las entidades que aspiran a ser reconocidas como instituciones de educaci\u00f3n superior.<\/p>\n<p>De concretarse el reconocimiento, el Instituto de Formaci\u00f3n Pol\u00edtica Profesor Juan Bosch podr\u00eda ampliar su propuesta acad\u00e9mica dentro del marco regulatorio de la educaci\u00f3n superior dominicana, conforme al alcance de la autorizaci\u00f3n correspondiente, fortaleciendo la formaci\u00f3n en \u00e1reas vinculadas con el pensamiento pol\u00edtico, la ciudadan\u00eda, la gesti\u00f3n p\u00fablica y los desaf\u00edos tecnol\u00f3gicos contempor\u00e1neos.<\/p>\n","protected":false},"excerpt":{"rendered":"<p>MESCyT destaca avances en proceso de evaluaci\u00f3n del Instituto Profesor Juan Bosch para su reconocimiento como instituci\u00f3n de educaci\u00f3n superior El Partido de la Liberaci\u00f3n Dominicana (PLD) inform\u00f3 de los avances alcanzados en el proceso de evaluaci\u00f3n del Instituto de Formaci\u00f3n Pol\u00edtica Profesor Juan Bosch para su reconocimiento como instituci\u00f3n de educaci\u00f3n superior. En declaraciones [&hellip;]<\/p>\n","protected":false},"author":1,"featured_media":91318,"comment_status":"open","ping_status":"open","sticky":false,"template":"","format":"standard","meta":{"tdm_status":"","tdm_grid_status":"","footnotes":""},"categories":[9],"tags":[],"_links":{"self":[{"href":"https:\/\/pldaldia.com\/portada\/wp-json\/wp\/v2\/posts\/91317"}],"collection":[{"href":"https:\/\/pldaldia.com\/portada\/wp-json\/wp\/v2\/posts"}],"about":[{"href":"https:\/\/pldaldia.com\/portada\/wp-json\/wp\/v2\/types\/post"}],"author":[{"embeddable":true,"href":"https:\/\/pldaldia.com\/portada\/wp-json\/wp\/v2\/users\/1"}],"replies":[{"embeddable":true,"href":"https:\/\/pldaldia.com\/portada\/wp-json\/wp\/v2\/comments?post=91317"}],"version-history":[{"count":1,"href":"https:\/\/pldaldia.com\/portada\/wp-json\/wp\/v2\/posts\/91317\/revisions"}],"predecessor-version":[{"id":91319,"href":"https:\/\/pldaldia.com\/portada\/wp-json\/wp\/v2\/posts\/91317\/revisions\/91319"}],"wp:featuredmedia":[{"embeddable":true,"href":"https:\/\/pldaldia.com\/portada\/wp-json\/wp\/v2\/media\/91318"}],"wp:attachment":[{"href":"https:\/\/pldaldia.com\/portada\/wp-json\/wp\/v2\/media?parent=91317"}],"wp:term":[{"taxonomy":"category","embeddable":true,"href":"https:\/\/pldaldia.com\/portada\/wp-json\/wp\/v2\/categories?post=91317"},{"taxonomy":"post_tag","embeddable":true,"href":"https:\/\/pldaldia.com\/portada\/wp-json\/wp\/v2\/tags?post=91317"}],"curies":[{"name":"wp","href":"https:\/\/api.w.org\/{rel}","templated":true}]}}