{"id":91320,"date":"2026-09-02T11:17:41","date_gmt":"2026-09-02T15:17:41","guid":{"rendered":"https:\/\/pldaldia.com\/portada\/?p=91320"},"modified":"2026-09-02T11:17:41","modified_gmt":"2026-09-02T15:17:41","slug":"diputados-del-pld-proponen-invitar-al-director-sns-por-muertes-de-ninos-en-maternidad-video","status":"publish","type":"post","link":"https:\/\/pldaldia.com\/portada\/diputados-del-pld-proponen-invitar-al-director-sns-por-muertes-de-ninos-en-maternidad-video\/","title":{"rendered":"Diputados del PLD proponen invitar al director SNS por muertes de ni\u00f1os en Maternidad | Video"},"content":{"rendered":"<p>El Bloque de Diputados del Partido de la Liberaci\u00f3n Dominicana anunci\u00f3 el sometimiento de una resoluci\u00f3n, que pide una investigaci\u00f3n profunda sobre las muertes de reci\u00e9n nacidos en la Maternidad Nuestra Se\u00f1ora de La Altagracia.<\/p>\n<p>En ese sentido, la vocera de la bancada opositora, Ydenia Do\u00f1\u00e9 adelant\u00f3 que pedir\u00e1n la comparecencia del doctor Julio Landr\u00f3n ante la Comisi\u00f3n Permanente de Salud, a los fines de que ofrezca explicaciones sobre la situaci\u00f3n relacionada con las muertes neonatales en ese centro de asistencia m\u00e9dica.<\/p>\n<p>\u201cYo me pregunto: \u00bfqu\u00e9 est\u00e1 pasando con el mantenimiento, la higiene, la estilizaci\u00f3n, la calidad del agua y los mecanismos de prevenci\u00f3n y control de infecciones en nuestros hospitales p\u00fablicos?\u201d, cuestion\u00f3 la legisladora durante una intervenci\u00f3n en la sesi\u00f3n de este martes.<\/p>\n<p>Ydenia Do\u00f1\u00e9 tambi\u00e9n requiri\u00f3 respuesta de las autoridades, sobre la frecuencia con que se establecen controles microbiol\u00f3gicos en las maternidades, en los quir\u00f3fanos, unidades de cuidados intensivos, \u00e1reas de hemodi\u00e1lisis y otros servicios hospitalarios de alto riesgo.<\/p>\n<p>Dijo que se est\u00e1 frente a un acontecimiento que da se\u00f1ales de problemas m\u00e1s amplios en la supervisi\u00f3n y de la calidad en la red hospitalaria.<\/p>\n<p>Do\u00f1\u00e9 precis\u00f3 que hay que darles una explicaci\u00f3n al pueblo dominicano y a los familiares de los ni\u00f1os fallecidos, y record\u00f3 el caso del 2023, cuando en el primer trimestre de ese a\u00f1o, 72 reci\u00e9n nacidos fallecieron en la Maternidad San Lorenzo de Los Minas.<\/p>\n<p><iframe loading=\"lazy\" src=\"https:\/\/www.facebook.com\/plugins\/video.php?height=312&#038;href=https%3A%2F%2Fwww.facebook.com%2Freel%2F1824095452355880%2F&#038;show_text=false&#038;width=560&#038;t=0\" width=\"350\" height=\"312\" style=\"border:none;overflow:hidden\" scrolling=\"no\" frameborder=\"0\" allowfullscreen=\"true\" allow=\"autoplay; clipboard-write; encrypted-media; picture-in-picture; web-share\" allowFullScreen=\"true\"><\/iframe><\/p>\n","protected":false},"excerpt":{"rendered":"<p>El Bloque de Diputados del Partido de la Liberaci\u00f3n Dominicana anunci\u00f3 el sometimiento de una resoluci\u00f3n, que pide una investigaci\u00f3n profunda sobre las muertes de reci\u00e9n nacidos en la Maternidad Nuestra Se\u00f1ora de La Altagracia. En ese sentido, la vocera de la bancada opositora, Ydenia Do\u00f1\u00e9 adelant\u00f3 que pedir\u00e1n la comparecencia del doctor Julio Landr\u00f3n [&hellip;]<\/p>\n","protected":false},"author":1,"featured_media":91321,"comment_status":"open","ping_status":"open","sticky":false,"template":"","format":"standard","meta":{"tdm_status":"","tdm_grid_status":"","footnotes":""},"categories":[9],"tags":[],"_links":{"self":[{"href":"https:\/\/pldaldia.com\/portada\/wp-json\/wp\/v2\/posts\/91320"}],"collection":[{"href":"https:\/\/pldaldia.com\/portada\/wp-json\/wp\/v2\/posts"}],"about":[{"href":"https:\/\/pldaldia.com\/portada\/wp-json\/wp\/v2\/types\/post"}],"author":[{"embeddable":true,"href":"https:\/\/pldaldia.com\/portada\/wp-json\/wp\/v2\/users\/1"}],"replies":[{"embeddable":true,"href":"https:\/\/pldaldia.com\/portada\/wp-json\/wp\/v2\/comments?post=91320"}],"version-history":[{"count":1,"href":"https:\/\/pldaldia.com\/portada\/wp-json\/wp\/v2\/posts\/91320\/revisions"}],"predecessor-version":[{"id":91322,"href":"https:\/\/pldaldia.com\/portada\/wp-json\/wp\/v2\/posts\/91320\/revisions\/91322"}],"wp:featuredmedia":[{"embeddable":true,"href":"https:\/\/pldaldia.com\/portada\/wp-json\/wp\/v2\/media\/91321"}],"wp:attachment":[{"href":"https:\/\/pldaldia.com\/portada\/wp-json\/wp\/v2\/media?parent=91320"}],"wp:term":[{"taxonomy":"category","embeddable":true,"href":"https:\/\/pldaldia.com\/portada\/wp-json\/wp\/v2\/categories?post=91320"},{"taxonomy":"post_tag","embeddable":true,"href":"https:\/\/pldaldia.com\/portada\/wp-json\/wp\/v2\/tags?post=91320"}],"curies":[{"name":"wp","href":"https:\/\/api.w.org\/{rel}","templated":true}]}}