{"id":91323,"date":"2026-09-02T11:23:09","date_gmt":"2026-09-02T15:23:09","guid":{"rendered":"https:\/\/pldaldia.com\/portada\/?p=91323"},"modified":"2026-09-02T11:23:09","modified_gmt":"2026-09-02T15:23:09","slug":"luis-de-leon-valora-encuentro-que-sostuvo-con-el-presidente-del-pld-danilo-medina","status":"publish","type":"post","link":"https:\/\/pldaldia.com\/portada\/luis-de-leon-valora-encuentro-que-sostuvo-con-el-presidente-del-pld-danilo-medina\/","title":{"rendered":"Luis de Le\u00f3n valora encuentro que sostuvo con el Presidente del PLD, Danilo Medina"},"content":{"rendered":"<p>Luis de Le\u00f3n, quien es miembro del Comit\u00e9 Central del Partido de la Liberaci\u00f3n Dominicana (PLD), valor\u00f3 el encuentro que sostuvo con el Presidente de la organizaci\u00f3n, el ex Presidente de la Rep\u00fablica, Danilo Medina en las Oficinas de la Presidencia del PLD<\/p>\n<p>El propio de Le\u00f3n inform\u00f3 mediante despacho de prensa de la reuni\u00f3n en la que pasaron revista a la situaci\u00f3n pol\u00edtica nacional y que Medina garantiz\u00f3 que el PLD escoger\u00e1 exitosamente al aspirante presidencial con mayor nivel de simpat\u00edas en un proceso transparente y democr\u00e1tico por el bien de la democracia dominicana.<\/p>\n<p>\u201cEl Presidente Danilo Medina valor\u00f3 nuestra condici\u00f3n de boschista y firme defensor de los gobiernos del PLD\u00bb, inform\u00f3 Luis de Le\u00f3n, quien es aspirante a la Presidencia de la Rep\u00fablica en el proceso de Consulta que organiza el PLD<\/p>\n<p>\u00abEn este importante encuentro, el presidente Medina manifest\u00f3 que el partido siempre ha sido abanderado de la unidad nacional y que esta vez no ser\u00e1 la excepci\u00f3n, porque estas autoridades no pueden seguir gobernando m\u00e1s del 2028, ya que el pueblo no aguanta m\u00e1s y est\u00e1 decidido a sacar al PRM del poder\u00bb, a\u00f1adi\u00f3.<\/p>\n<p>De Le\u00f3n, quien preside el movimiento la Fuerza Boschista, reiter\u00f3 que este Gobierno solo beneficia a los sectores empresariales olig\u00e1rquicos y financieros, golpeando sin piedad a los m\u00e1s pobres y a la clase media.<\/p>\n<p>\u00abDe ah\u00ed que en todas partes el pueblo dice que con el PLD viv\u00eda mejor que ahora, porque el PLD es el gran partido de la democracia dominicana, ya que ha beneficiado a los m\u00e1s necesitados y a la clase media. Adem\u00e1s, el pueblo ya sabe que los campeones de la corrupci\u00f3n son estas autoridades del Gobierno del PRM\u00bb, asegur\u00f3.<\/p>\n<p>Coment\u00f3 que el PLD tiene una buena perspectiva de lograr el triunfo electoral en el 2028 para rescatar al pa\u00eds del retroceso en que lo ha sumido esta administraci\u00f3n.<\/p>\n<p>En su encuentro con el expresidente, destac\u00f3 la necesidad de la unidad de la oposici\u00f3n para construir un gran frente nacional contra la incapacidad del PRM y as\u00ed reconducir al pa\u00eds por el sendero del progreso y el bienestar.<\/p>\n","protected":false},"excerpt":{"rendered":"<p>Luis de Le\u00f3n, quien es miembro del Comit\u00e9 Central del Partido de la Liberaci\u00f3n Dominicana (PLD), valor\u00f3 el encuentro que sostuvo con el Presidente de la organizaci\u00f3n, el ex Presidente de la Rep\u00fablica, Danilo Medina en las Oficinas de la Presidencia del PLD El propio de Le\u00f3n inform\u00f3 mediante despacho de prensa de la reuni\u00f3n [&hellip;]<\/p>\n","protected":false},"author":1,"featured_media":91324,"comment_status":"open","ping_status":"open","sticky":false,"template":"","format":"standard","meta":{"tdm_status":"","tdm_grid_status":"","footnotes":""},"categories":[9],"tags":[],"_links":{"self":[{"href":"https:\/\/pldaldia.com\/portada\/wp-json\/wp\/v2\/posts\/91323"}],"collection":[{"href":"https:\/\/pldaldia.com\/portada\/wp-json\/wp\/v2\/posts"}],"about":[{"href":"https:\/\/pldaldia.com\/portada\/wp-json\/wp\/v2\/types\/post"}],"author":[{"embeddable":true,"href":"https:\/\/pldaldia.com\/portada\/wp-json\/wp\/v2\/users\/1"}],"replies":[{"embeddable":true,"href":"https:\/\/pldaldia.com\/portada\/wp-json\/wp\/v2\/comments?post=91323"}],"version-history":[{"count":1,"href":"https:\/\/pldaldia.com\/portada\/wp-json\/wp\/v2\/posts\/91323\/revisions"}],"predecessor-version":[{"id":91325,"href":"https:\/\/pldaldia.com\/portada\/wp-json\/wp\/v2\/posts\/91323\/revisions\/91325"}],"wp:featuredmedia":[{"embeddable":true,"href":"https:\/\/pldaldia.com\/portada\/wp-json\/wp\/v2\/media\/91324"}],"wp:attachment":[{"href":"https:\/\/pldaldia.com\/portada\/wp-json\/wp\/v2\/media?parent=91323"}],"wp:term":[{"taxonomy":"category","embeddable":true,"href":"https:\/\/pldaldia.com\/portada\/wp-json\/wp\/v2\/categories?post=91323"},{"taxonomy":"post_tag","embeddable":true,"href":"https:\/\/pldaldia.com\/portada\/wp-json\/wp\/v2\/tags?post=91323"}],"curies":[{"name":"wp","href":"https:\/\/api.w.org\/{rel}","templated":true}]}}