{"id":91326,"date":"2026-09-02T15:12:41","date_gmt":"2026-09-02T19:12:41","guid":{"rendered":"https:\/\/pldaldia.com\/portada\/?p=91326"},"modified":"2026-09-02T15:12:41","modified_gmt":"2026-09-02T19:12:41","slug":"sequia-arrasa-cosecha-de-cafe-en-arroyo-cano-sanchez-roa-pide-intervencion-del-gobierno","status":"publish","type":"post","link":"https:\/\/pldaldia.com\/portada\/sequia-arrasa-cosecha-de-cafe-en-arroyo-cano-sanchez-roa-pide-intervencion-del-gobierno\/","title":{"rendered":"Sequ\u00eda arrasa cosecha de caf\u00e9 en Arroyo Cano; S\u00e1nchez Roa pide intervenci\u00f3n del Gobierno"},"content":{"rendered":"<p>El dirigente agropecuario reclama al Gobierno disponer una intervenci\u00f3n inmediata de Agricultura, Banco Agr\u00edcola e INDOCAF\u00c9 para asistir a los productores afectados y evitar una crisis econ\u00f3mica en la zona.<\/p>\n<p>El exsenador y secretario de Asuntos Agropecuarios del Partido de la Liberaci\u00f3n Dominicana (PLD), Adriano S\u00e1nchez Roa, reclam\u00f3 al Gobierno disponer un programa especial de asistencia para los cafetaleros de Arroyo Cano, cuya cosecha ha sido pr\u00e1cticamente arrasada por la prolongada sequ\u00eda que afecta la zona.<\/p>\n<p>S\u00e1nchez Roa plante\u00f3 que la intervenci\u00f3n incluya asistencia t\u00e9cnica y econ\u00f3mica, facilidades para la reestructuraci\u00f3n de las deudas de los productores y recursos destinados a recuperar las plantaciones de caf\u00e9 que todav\u00eda puedan ser preservadas.<\/p>\n<p>\u201cArroyo Cano no est\u00e1 reclamando privilegios. Sus productores necesitan una respuesta ante una emergencia que les arrebat\u00f3 en pocos meses el esfuerzo y la inversi\u00f3n de todo un a\u00f1o\u201d, enfatiz\u00f3.<\/p>\n<p>El dirigente agropecuario solicit\u00f3 que el Ministerio de Agricultura, el Banco Agr\u00edcola y el Instituto Dominicano del Caf\u00e9 (INDOCAF\u00c9) env\u00eden una comisi\u00f3n t\u00e9cnica para evaluar los da\u00f1os y determinar las necesidades de los productores afectados.<\/p>\n<p>Durante un recorrido por plantaciones de la zona, el tambi\u00e9n exadministrador del Banco Agr\u00edcola constat\u00f3 que gran parte de los frutos se han secado directamente en las plantas, mientras otros no lograron desarrollarse y se encuentran vac\u00edos, sin posibilidades de comercializaci\u00f3n.<\/p>\n<p>\u201cLo que estamos viendo es el resultado de un a\u00f1o entero de trabajo perdido. Los granos se secaron, muchos quedaron vac\u00edos y ahora los productores tienen incluso que incurrir en gastos para retirarlos de las plantas, sin contar con recursos para pagar la mano de obra\u201d, manifest\u00f3.<\/p>\n<p>S\u00e1nchez Roa calific\u00f3 el panorama como una emergencia agr\u00edcola que requiere una respuesta r\u00e1pida de las autoridades para impedir que la p\u00e9rdida de la producci\u00f3n derive en mayores dificultades econ\u00f3micas y sociales para las familias que dependen del cultivo del caf\u00e9.<\/p>\n<p>Explic\u00f3 que numerosos productores mantienen pr\u00e9stamos y otros compromisos financieros asumidos para sostener sus plantaciones, los cuales dif\u00edcilmente podr\u00e1n cubrir despu\u00e9s de perder su principal fuente de ingresos.<\/p>\n<p>\u201cEstos agricultores no pueden ser abandonados a su suerte. Estamos frente a una situaci\u00f3n clim\u00e1tica extraordinaria que destruy\u00f3 la producci\u00f3n y dej\u00f3 a muchas familias sin ingresos y con deudas que atender\u201d, se\u00f1al\u00f3.<\/p>\n<p>Indic\u00f3 que los efectos de la sequ\u00eda se extienden tambi\u00e9n a otros rubros agr\u00edcolas cultivados en Arroyo Cano, entre ellos aguacate y guandules, lo que incrementa las p\u00e9rdidas y reduce a\u00fan m\u00e1s las posibilidades de recuperaci\u00f3n econ\u00f3mica de los productores.<\/p>\n<p>S\u00e1nchez Roa exhort\u00f3 al Gobierno a coordinar una acci\u00f3n conjunta de las instituciones del sector agropecuario para atender las p\u00e9rdidas, proteger a las familias productoras y garantizar la recuperaci\u00f3n y continuidad de la actividad cafetalera en Arroyo Cano.<\/p>\n","protected":false},"excerpt":{"rendered":"<p>El dirigente agropecuario reclama al Gobierno disponer una intervenci\u00f3n inmediata de Agricultura, Banco Agr\u00edcola e INDOCAF\u00c9 para asistir a los productores afectados y evitar una crisis econ\u00f3mica en la zona. El exsenador y secretario de Asuntos Agropecuarios del Partido de la Liberaci\u00f3n Dominicana (PLD), Adriano S\u00e1nchez Roa, reclam\u00f3 al Gobierno disponer un programa especial de [&hellip;]<\/p>\n","protected":false},"author":1,"featured_media":91327,"comment_status":"open","ping_status":"open","sticky":false,"template":"","format":"standard","meta":{"tdm_status":"","tdm_grid_status":"","footnotes":""},"categories":[9],"tags":[],"_links":{"self":[{"href":"https:\/\/pldaldia.com\/portada\/wp-json\/wp\/v2\/posts\/91326"}],"collection":[{"href":"https:\/\/pldaldia.com\/portada\/wp-json\/wp\/v2\/posts"}],"about":[{"href":"https:\/\/pldaldia.com\/portada\/wp-json\/wp\/v2\/types\/post"}],"author":[{"embeddable":true,"href":"https:\/\/pldaldia.com\/portada\/wp-json\/wp\/v2\/users\/1"}],"replies":[{"embeddable":true,"href":"https:\/\/pldaldia.com\/portada\/wp-json\/wp\/v2\/comments?post=91326"}],"version-history":[{"count":1,"href":"https:\/\/pldaldia.com\/portada\/wp-json\/wp\/v2\/posts\/91326\/revisions"}],"predecessor-version":[{"id":91328,"href":"https:\/\/pldaldia.com\/portada\/wp-json\/wp\/v2\/posts\/91326\/revisions\/91328"}],"wp:featuredmedia":[{"embeddable":true,"href":"https:\/\/pldaldia.com\/portada\/wp-json\/wp\/v2\/media\/91327"}],"wp:attachment":[{"href":"https:\/\/pldaldia.com\/portada\/wp-json\/wp\/v2\/media?parent=91326"}],"wp:term":[{"taxonomy":"category","embeddable":true,"href":"https:\/\/pldaldia.com\/portada\/wp-json\/wp\/v2\/categories?post=91326"},{"taxonomy":"post_tag","embeddable":true,"href":"https:\/\/pldaldia.com\/portada\/wp-json\/wp\/v2\/tags?post=91326"}],"curies":[{"name":"wp","href":"https:\/\/api.w.org\/{rel}","templated":true}]}}