{"id":91333,"date":"2026-09-03T00:35:00","date_gmt":"2026-09-03T04:35:00","guid":{"rendered":"https:\/\/pldaldia.com\/portada\/?p=91333"},"modified":"2026-09-03T00:35:00","modified_gmt":"2026-09-03T04:35:00","slug":"dia-mundial-de-la-higiene","status":"publish","type":"post","link":"https:\/\/pldaldia.com\/portada\/dia-mundial-de-la-higiene\/","title":{"rendered":"D\u00eda Mundial de la Higiene"},"content":{"rendered":"<p>El 3 de septiembre se celebra principalmente el D\u00eda Mundial de la Higiene para concientizar sobre la importancia de los h\u00e1bitos de limpieza en la prevenci\u00f3n de enfermeda<\/p>\n","protected":false},"excerpt":{"rendered":"<p>El 3 de septiembre se celebra principalmente el D\u00eda Mundial de la Higiene para concientizar sobre la importancia de los h\u00e1bitos de limpieza en la prevenci\u00f3n de enfermeda<\/p>\n","protected":false},"author":1,"featured_media":91334,"comment_status":"open","ping_status":"open","sticky":false,"template":"","format":"standard","meta":{"tdm_status":"","tdm_grid_status":"","footnotes":""},"categories":[57],"tags":[],"_links":{"self":[{"href":"https:\/\/pldaldia.com\/portada\/wp-json\/wp\/v2\/posts\/91333"}],"collection":[{"href":"https:\/\/pldaldia.com\/portada\/wp-json\/wp\/v2\/posts"}],"about":[{"href":"https:\/\/pldaldia.com\/portada\/wp-json\/wp\/v2\/types\/post"}],"author":[{"embeddable":true,"href":"https:\/\/pldaldia.com\/portada\/wp-json\/wp\/v2\/users\/1"}],"replies":[{"embeddable":true,"href":"https:\/\/pldaldia.com\/portada\/wp-json\/wp\/v2\/comments?post=91333"}],"version-history":[{"count":1,"href":"https:\/\/pldaldia.com\/portada\/wp-json\/wp\/v2\/posts\/91333\/revisions"}],"predecessor-version":[{"id":91336,"href":"https:\/\/pldaldia.com\/portada\/wp-json\/wp\/v2\/posts\/91333\/revisions\/91336"}],"wp:featuredmedia":[{"embeddable":true,"href":"https:\/\/pldaldia.com\/portada\/wp-json\/wp\/v2\/media\/91334"}],"wp:attachment":[{"href":"https:\/\/pldaldia.com\/portada\/wp-json\/wp\/v2\/media?parent=91333"}],"wp:term":[{"taxonomy":"category","embeddable":true,"href":"https:\/\/pldaldia.com\/portada\/wp-json\/wp\/v2\/categories?post=91333"},{"taxonomy":"post_tag","embeddable":true,"href":"https:\/\/pldaldia.com\/portada\/wp-json\/wp\/v2\/tags?post=91333"}],"curies":[{"name":"wp","href":"https:\/\/api.w.org\/{rel}","templated":true}]}}