{"id":91339,"date":"2026-09-03T00:36:56","date_gmt":"2026-09-03T04:36:56","guid":{"rendered":"https:\/\/pldaldia.com\/portada\/?p=91339"},"modified":"2026-09-03T00:36:56","modified_gmt":"2026-09-03T04:36:56","slug":"crecimiento-economico-no-se-refleja-en-la-poblacion","status":"publish","type":"post","link":"https:\/\/pldaldia.com\/portada\/crecimiento-economico-no-se-refleja-en-la-poblacion\/","title":{"rendered":"Crecimiento econ\u00f3mico NO se refleja en la poblaci\u00f3n"},"content":{"rendered":"<p>Tem\u00edstocles Mont\u00e1s, vicepresidente del Partido de la Liberaci\u00f3n Dominicana (PLD), afirm\u00f3 que el crecimiento econ\u00f3mico reportado por el gobierno no se est\u00e1 reflejando en una mejor\u00eda de las condiciones de vida de la poblaci\u00f3n dominicana.<\/p>\n<p>Entrevistado en el programa Despierta RD, Mont\u00e1s se\u00f1al\u00f3 que, aunque los datos del Banco Central indican un crecimiento de alrededor de 4.5 % durante los primeros siete meses del a\u00f1o, es necesario analizar cu\u00e1les sectores est\u00e1n impulsando ese resultado.<\/p>\n<p>Explic\u00f3 que la construcci\u00f3n privada ha sido uno de los principales motores de la econom\u00eda, pero advirti\u00f3 que su expansi\u00f3n tiene un impacto limitado sobre el empleo de los trabajadores dominicanos.<\/p>\n<p>Indic\u00f3 que sectores estrechamente relacionados con el consumo y la generaci\u00f3n de empleos muestran un desempe\u00f1o mucho m\u00e1s moderado. Cit\u00f3 el comercio, con un crecimiento de aproximadamente 2.4 %, y la manufactura y zonas francas, con alrededor de 3.2 %.<\/p>\n","protected":false},"excerpt":{"rendered":"<p>Tem\u00edstocles Mont\u00e1s, vicepresidente del Partido de la Liberaci\u00f3n Dominicana (PLD), afirm\u00f3 que el crecimiento econ\u00f3mico reportado por el gobierno no se est\u00e1 reflejando en una mejor\u00eda de las condiciones de vida de la poblaci\u00f3n dominicana. Entrevistado en el programa Despierta RD, Mont\u00e1s se\u00f1al\u00f3 que, aunque los datos del Banco Central indican un crecimiento de alrededor [&hellip;]<\/p>\n","protected":false},"author":1,"featured_media":85555,"comment_status":"open","ping_status":"open","sticky":false,"template":"","format":"standard","meta":{"tdm_status":"","tdm_grid_status":"","footnotes":""},"categories":[50],"tags":[],"_links":{"self":[{"href":"https:\/\/pldaldia.com\/portada\/wp-json\/wp\/v2\/posts\/91339"}],"collection":[{"href":"https:\/\/pldaldia.com\/portada\/wp-json\/wp\/v2\/posts"}],"about":[{"href":"https:\/\/pldaldia.com\/portada\/wp-json\/wp\/v2\/types\/post"}],"author":[{"embeddable":true,"href":"https:\/\/pldaldia.com\/portada\/wp-json\/wp\/v2\/users\/1"}],"replies":[{"embeddable":true,"href":"https:\/\/pldaldia.com\/portada\/wp-json\/wp\/v2\/comments?post=91339"}],"version-history":[{"count":1,"href":"https:\/\/pldaldia.com\/portada\/wp-json\/wp\/v2\/posts\/91339\/revisions"}],"predecessor-version":[{"id":91340,"href":"https:\/\/pldaldia.com\/portada\/wp-json\/wp\/v2\/posts\/91339\/revisions\/91340"}],"wp:featuredmedia":[{"embeddable":true,"href":"https:\/\/pldaldia.com\/portada\/wp-json\/wp\/v2\/media\/85555"}],"wp:attachment":[{"href":"https:\/\/pldaldia.com\/portada\/wp-json\/wp\/v2\/media?parent=91339"}],"wp:term":[{"taxonomy":"category","embeddable":true,"href":"https:\/\/pldaldia.com\/portada\/wp-json\/wp\/v2\/categories?post=91339"},{"taxonomy":"post_tag","embeddable":true,"href":"https:\/\/pldaldia.com\/portada\/wp-json\/wp\/v2\/tags?post=91339"}],"curies":[{"name":"wp","href":"https:\/\/api.w.org\/{rel}","templated":true}]}}