{"id":91359,"date":"2026-09-03T23:37:41","date_gmt":"2026-09-04T03:37:41","guid":{"rendered":"https:\/\/pldaldia.com\/portada\/?p=91359"},"modified":"2026-09-03T23:37:41","modified_gmt":"2026-09-04T03:37:41","slug":"dia-internacional-del-taekwondo-2","status":"publish","type":"post","link":"https:\/\/pldaldia.com\/portada\/dia-internacional-del-taekwondo-2\/","title":{"rendered":"D\u00eda Internacional del Taekwondo"},"content":{"rendered":"<p>El 4 de septiembre es el D\u00eda internacional del Taekwondo, una celebraci\u00f3n establecida por la Federaci\u00f3n Mundial de Taekwondo (World Taekwondo) en 2006.<\/p>\n<p>La elecci\u00f3n de la fecha fue porque el 4 de septiembre de 1994 el Comit\u00e9 Ol\u00edmpico Internacional, decidi\u00f3 en su sesi\u00f3n de Par\u00eds, incluir al taekwondo como deporte ol\u00edmpico oficial.<\/p>\n","protected":false},"excerpt":{"rendered":"<p>El 4 de septiembre es el D\u00eda internacional del Taekwondo, una celebraci\u00f3n establecida por la Federaci\u00f3n Mundial de Taekwondo (World Taekwondo) en 2006. La elecci\u00f3n de la fecha fue porque el 4 de septiembre de 1994 el Comit\u00e9 Ol\u00edmpico Internacional, decidi\u00f3 en su sesi\u00f3n de Par\u00eds, incluir al taekwondo como deporte ol\u00edmpico oficial.<\/p>\n","protected":false},"author":1,"featured_media":91360,"comment_status":"open","ping_status":"open","sticky":false,"template":"","format":"standard","meta":{"tdm_status":"","tdm_grid_status":"","footnotes":""},"categories":[57],"tags":[],"_links":{"self":[{"href":"https:\/\/pldaldia.com\/portada\/wp-json\/wp\/v2\/posts\/91359"}],"collection":[{"href":"https:\/\/pldaldia.com\/portada\/wp-json\/wp\/v2\/posts"}],"about":[{"href":"https:\/\/pldaldia.com\/portada\/wp-json\/wp\/v2\/types\/post"}],"author":[{"embeddable":true,"href":"https:\/\/pldaldia.com\/portada\/wp-json\/wp\/v2\/users\/1"}],"replies":[{"embeddable":true,"href":"https:\/\/pldaldia.com\/portada\/wp-json\/wp\/v2\/comments?post=91359"}],"version-history":[{"count":1,"href":"https:\/\/pldaldia.com\/portada\/wp-json\/wp\/v2\/posts\/91359\/revisions"}],"predecessor-version":[{"id":91362,"href":"https:\/\/pldaldia.com\/portada\/wp-json\/wp\/v2\/posts\/91359\/revisions\/91362"}],"wp:featuredmedia":[{"embeddable":true,"href":"https:\/\/pldaldia.com\/portada\/wp-json\/wp\/v2\/media\/91360"}],"wp:attachment":[{"href":"https:\/\/pldaldia.com\/portada\/wp-json\/wp\/v2\/media?parent=91359"}],"wp:term":[{"taxonomy":"category","embeddable":true,"href":"https:\/\/pldaldia.com\/portada\/wp-json\/wp\/v2\/categories?post=91359"},{"taxonomy":"post_tag","embeddable":true,"href":"https:\/\/pldaldia.com\/portada\/wp-json\/wp\/v2\/tags?post=91359"}],"curies":[{"name":"wp","href":"https:\/\/api.w.org\/{rel}","templated":true}]}}