{"id":91363,"date":"2026-09-03T23:38:38","date_gmt":"2026-09-04T03:38:38","guid":{"rendered":"https:\/\/pldaldia.com\/portada\/?p=91363"},"modified":"2026-09-03T23:38:38","modified_gmt":"2026-09-04T03:38:38","slug":"zona-de-peligro-de-clima-extremo-por-el-nino","status":"publish","type":"post","link":"https:\/\/pldaldia.com\/portada\/zona-de-peligro-de-clima-extremo-por-el-nino\/","title":{"rendered":"\u00abZona de peligro\u00bb de clima extremo por El Ni\u00f1o"},"content":{"rendered":"<p>La Organizaci\u00f3n Meteorol\u00f3gica Mundial (OMM), la mayor autoridad cient\u00edfica en cuestiones de clima, confirm\u00f3 que el fen\u00f3meno de El Ni\u00f1o se intensificar\u00e1 a\u00fan m\u00e1s hasta ser muy fuerte y que persistir\u00e1 al menos hasta febrero de 2027, alterando las pautas de lluvias y temperaturas en todo el mundo.<\/p>\n<p>\u00abEl episodio de El Ni\u00f1o se ha consolidado y en los pr\u00f3ximos meses se intensificar\u00e1 hasta convertirse en un evento de intensidad muy fuerte\u00bb, seg\u00fan coinciden los pron\u00f3sticos de expertos y de los organismos m\u00e1s avanzados de todo el mundo que estudian este fen\u00f3meno, el cual suele aparecer entre cada dos y siete a\u00f1os.<\/p>\n<p>Noti resumen internacional<\/p>\n<p>El Canal de Panam\u00e1 redujo desde hoy el n\u00famero de tr\u00e1nsitos de embarcaciones debido a la disminuci\u00f3n de las precipitaciones en su cuenca hidrogr\u00e1fica, asociada al fen\u00f3meno de El Ni\u00f1o.<\/p>\n<p>\u2026\u2026\u2026\u2026.<\/p>\n<p>El funeral del exjefe del Centro Nacional de Inteligencia de Ecuador Michele Sensi-Contugi y su esposa, Stephany Hollihan, tendr\u00e1 lugar hoy en la provincia de Guayas tras el fallecimiento en un accidente a\u00e9reo en Kenya.<\/p>\n<p>\u2026\u2026\u2026\u2026..<\/p>\n<p>Poco a poco, los vietnamitas vuelven hoy a las actividades habituales tras cinco d\u00edas de feriado nacional por el D\u00eda Nacional<\/p>\n<p>\u2026\u2026\u2026\u2026\u2026<\/p>\n<p>Al menos 18 personas murieron y otras 76 resultaron heridas como consecuencia de ataques estadounidenses contra varias zonas de Ir\u00e1n, informaron hoy autoridades locales y militarespld<ins datetime=\"2026-09-04T03:37:53+00:00\"><\/ins><\/p>\n","protected":false},"excerpt":{"rendered":"<p>La Organizaci\u00f3n Meteorol\u00f3gica Mundial (OMM), la mayor autoridad cient\u00edfica en cuestiones de clima, confirm\u00f3 que el fen\u00f3meno de El Ni\u00f1o se intensificar\u00e1 a\u00fan m\u00e1s hasta ser muy fuerte y que persistir\u00e1 al menos hasta febrero de 2027, alterando las pautas de lluvias y temperaturas en todo el mundo. \u00abEl episodio de El Ni\u00f1o se ha [&hellip;]<\/p>\n","protected":false},"author":1,"featured_media":91361,"comment_status":"open","ping_status":"open","sticky":false,"template":"","format":"standard","meta":{"tdm_status":"","tdm_grid_status":"","footnotes":""},"categories":[51],"tags":[],"_links":{"self":[{"href":"https:\/\/pldaldia.com\/portada\/wp-json\/wp\/v2\/posts\/91363"}],"collection":[{"href":"https:\/\/pldaldia.com\/portada\/wp-json\/wp\/v2\/posts"}],"about":[{"href":"https:\/\/pldaldia.com\/portada\/wp-json\/wp\/v2\/types\/post"}],"author":[{"embeddable":true,"href":"https:\/\/pldaldia.com\/portada\/wp-json\/wp\/v2\/users\/1"}],"replies":[{"embeddable":true,"href":"https:\/\/pldaldia.com\/portada\/wp-json\/wp\/v2\/comments?post=91363"}],"version-history":[{"count":1,"href":"https:\/\/pldaldia.com\/portada\/wp-json\/wp\/v2\/posts\/91363\/revisions"}],"predecessor-version":[{"id":91365,"href":"https:\/\/pldaldia.com\/portada\/wp-json\/wp\/v2\/posts\/91363\/revisions\/91365"}],"wp:featuredmedia":[{"embeddable":true,"href":"https:\/\/pldaldia.com\/portada\/wp-json\/wp\/v2\/media\/91361"}],"wp:attachment":[{"href":"https:\/\/pldaldia.com\/portada\/wp-json\/wp\/v2\/media?parent=91363"}],"wp:term":[{"taxonomy":"category","embeddable":true,"href":"https:\/\/pldaldia.com\/portada\/wp-json\/wp\/v2\/categories?post=91363"},{"taxonomy":"post_tag","embeddable":true,"href":"https:\/\/pldaldia.com\/portada\/wp-json\/wp\/v2\/tags?post=91363"}],"curies":[{"name":"wp","href":"https:\/\/api.w.org\/{rel}","templated":true}]}}