{"id":91368,"date":"2026-09-04T09:54:58","date_gmt":"2026-09-04T13:54:58","guid":{"rendered":"https:\/\/pldaldia.com\/portada\/?p=91368"},"modified":"2026-09-04T09:54:58","modified_gmt":"2026-09-04T13:54:58","slug":"el-poder-de-la-multiplicacion-cada-militante-un-mensajero-de-esperanza","status":"publish","type":"post","link":"https:\/\/pldaldia.com\/portada\/el-poder-de-la-multiplicacion-cada-militante-un-mensajero-de-esperanza\/","title":{"rendered":"El poder de la multiplicaci\u00f3n: Cada militante, un mensajero de esperanza"},"content":{"rendered":"<p>Por: C\u00e9sar Pe\u00f1a Bonilla | El Partido de la Liberaci\u00f3n Dominicana (PLD) se prepara para escribir un nuevo cap\u00edtulo en su historia de trabajo popular con la celebraci\u00f3n este s\u00e1bado 5, del Tercer Esfuerzo Concentrado a Nivel Nacional. Este despliegue no es una simple jornada organizativa; es la manifestaci\u00f3n viva de nuestra vocaci\u00f3n de servicio y el canal directo para reencontrarnos con el coraz\u00f3n del pueblo dominicano.<\/p>\n<p>El \u00e9xito de esta jornada descansa sobre una premisa tan sencilla como poderosa: si cada militante asume su compromiso, el mensaje de esperanza llegar\u00e1 a cada rinc\u00f3n del pa\u00eds. No necesitamos estructuras abstractas para movilizar la conciencia popular, sino el trabajo abnegado de hombres y mujeres que crean en la transformaci\u00f3n de su comunidad.<\/p>\n<p>Para lograrlo, debemos adoptar un modelo de organizaci\u00f3n cercano y efectivo: la red de militantes como multiplicadores del mensaje. Al igual que los ap\u00f3stoles multiplicaron una doctrina basada en la fe y la solidaridad, cada pelede\u00edsta tiene hoy la misi\u00f3n de llevar la propuesta de nuestro partido de hogar en hogar. Un compa\u00f1ero que asume su rol no solo visita una vivienda, sino que abre una puerta a la confianza, al di\u00e1logo y al registro de nuevos miembros que buscan una alternativa real para el futuro de la patria.<\/p>\n<p>La f\u00f3rmula es clara y directa: N militantes integrados equivalen a N casas visitadas. Si logramos que la masa de nuestra militancia se lance a las calles con entusiasmo, la capacidad de alcance de nuestro partido crecer\u00e1 exponencialmente. La pol\u00edtica del PLD se hace escuchando a la gente en su propio terreno, comprendiendo sus necesidades y ofreciendo soluciones con la capacidad t\u00e9cnica y humana que siempre nos ha caracterizado.<\/p>\n<p>Este Tercer Esfuerzo Concentrado nos llama a la acci\u00f3n. Es el momento de dejar de lado cualquier pasividad, salir a los barrios, a los campos y a los municipios, y demostrar por qu\u00e9 el PLD sigue siendo la fuerza pol\u00edtica mejor estructurada y m\u00e1s comprometida con el bienestar del pueblo dominicano. Sumemos voluntades, multipliquemos los esfuerzos y hagamos que en cada hogar dominicano vuelva a encenderse la llama de la esperanza.<\/p>\n","protected":false},"excerpt":{"rendered":"<p>Por: C\u00e9sar Pe\u00f1a Bonilla | El Partido de la Liberaci\u00f3n Dominicana (PLD) se prepara para escribir un nuevo cap\u00edtulo en su historia de trabajo popular con la celebraci\u00f3n este s\u00e1bado 5, del Tercer Esfuerzo Concentrado a Nivel Nacional. Este despliegue no es una simple jornada organizativa; es la manifestaci\u00f3n viva de nuestra vocaci\u00f3n de servicio [&hellip;]<\/p>\n","protected":false},"author":1,"featured_media":67675,"comment_status":"open","ping_status":"open","sticky":false,"template":"","format":"standard","meta":{"tdm_status":"","tdm_grid_status":"","footnotes":""},"categories":[53],"tags":[],"_links":{"self":[{"href":"https:\/\/pldaldia.com\/portada\/wp-json\/wp\/v2\/posts\/91368"}],"collection":[{"href":"https:\/\/pldaldia.com\/portada\/wp-json\/wp\/v2\/posts"}],"about":[{"href":"https:\/\/pldaldia.com\/portada\/wp-json\/wp\/v2\/types\/post"}],"author":[{"embeddable":true,"href":"https:\/\/pldaldia.com\/portada\/wp-json\/wp\/v2\/users\/1"}],"replies":[{"embeddable":true,"href":"https:\/\/pldaldia.com\/portada\/wp-json\/wp\/v2\/comments?post=91368"}],"version-history":[{"count":1,"href":"https:\/\/pldaldia.com\/portada\/wp-json\/wp\/v2\/posts\/91368\/revisions"}],"predecessor-version":[{"id":91369,"href":"https:\/\/pldaldia.com\/portada\/wp-json\/wp\/v2\/posts\/91368\/revisions\/91369"}],"wp:featuredmedia":[{"embeddable":true,"href":"https:\/\/pldaldia.com\/portada\/wp-json\/wp\/v2\/media\/67675"}],"wp:attachment":[{"href":"https:\/\/pldaldia.com\/portada\/wp-json\/wp\/v2\/media?parent=91368"}],"wp:term":[{"taxonomy":"category","embeddable":true,"href":"https:\/\/pldaldia.com\/portada\/wp-json\/wp\/v2\/categories?post=91368"},{"taxonomy":"post_tag","embeddable":true,"href":"https:\/\/pldaldia.com\/portada\/wp-json\/wp\/v2\/tags?post=91368"}],"curies":[{"name":"wp","href":"https:\/\/api.w.org\/{rel}","templated":true}]}}