{"id":91370,"date":"2026-09-04T09:59:46","date_gmt":"2026-09-04T13:59:46","guid":{"rendered":"https:\/\/pldaldia.com\/portada\/?p=91370"},"modified":"2026-09-04T09:59:46","modified_gmt":"2026-09-04T13:59:46","slug":"facturas-electricas-una-reforma-fiscal-silenciosa","status":"publish","type":"post","link":"https:\/\/pldaldia.com\/portada\/facturas-electricas-una-reforma-fiscal-silenciosa\/","title":{"rendered":"Facturas El\u00e9ctricas: Una Reforma Fiscal Silenciosa"},"content":{"rendered":"<p>Por: Carlos Manzano | Hay algo que los dominicanos est\u00e1n sintiendo cada mes con mayor angustia y preocupaci\u00f3n: abrir la factura el\u00e9ctrica que les llega mensual y descubrir que el salario les alcanza cada vez para menos.<br \/>\nSe intenta ahorrar, apagar luces, desconectar equipos y reducir el consumo, pero la factura, la mayor\u00eda de las veces, llega m\u00e1s alta. Mientras tanto, los apagones contin\u00faan golpeando hogares, comercios y peque\u00f1as empresas.<br \/>\nLa electricidad ha dejado de ser solamente un servicio p\u00fablico para convertirse, para muchas familias dominicanas, en una pesada carga sobre el presupuesto.<\/p>\n<p>Y aqu\u00ed surge una pregunta que el Gobierno no puede seguir evadiendo: \u00bfpodr\u00edamos estar ante una especie de reforma fiscal silenciosa que golpea de manera insistente e inmisericorde al pueblo dominicano?<br \/>\nNo se anuncia como un nuevo impuesto ni necesita pasar por el Congreso. Llega cada mes en forma de factura el\u00e9ctrica y reduce el ingreso disponible de las familias para alimentos, transporte, educaci\u00f3n, medicamentos y otras necesidades esenciales.<br \/>\nEl problema no es \u00fanicamente que la electricidad cueste m\u00e1s. Es que el ciudadano parece estar pagando varias veces: paga por la energ\u00eda que consume, paga los costos derivados de las ineficiencias del sistema y, cuando llegan los apagones, vuelve a pagar para suplir el servicio mediante inversores, bater\u00edas, plantas el\u00e9ctricas y combustible.<\/p>\n<p>El Gobierno tiene que explicar por qu\u00e9 aumentan las facturas, cu\u00e1nto representan las p\u00e9rdidas t\u00e9cnicas y comerciales, cu\u00e1nto cuesta realmente sostener el sistema el\u00e9ctrico y cu\u00e1nto de esos costos termina traslad\u00e1ndose al ciudadano.<br \/>\nLa transparencia no puede limitarse a publicar estad\u00edsticas: el usuario tiene derecho a entender su factura y saber por qu\u00e9 paga lo que paga.<\/p>\n<p>Una reforma fiscal tradicional se discute p\u00fablicamente, se presenta al Congreso y establece qui\u00e9n pagar\u00e1 m\u00e1s y por qu\u00e9. Una reforma fiscal silenciosa funciona de otra manera: aumenta progresivamente la carga econ\u00f3mica de los hogares sin que necesariamente exista una nueva ley tributaria.<br \/>\nPor eso, el debate sobre la electricidad no puede reducirse a una discusi\u00f3n t\u00e9cnica. Es una cuesti\u00f3n de pol\u00edtica p\u00fablica, eficiencia, transparencia y justicia social.<\/p>\n<p>Si se exige a la poblaci\u00f3n pagar m\u00e1s, debe recibir un servicio mejor. Y si las facturas aumentan mientras persisten los apagones y las p\u00e9rdidas, alguien debe asumir la responsabilidad.<br \/>\nLos dominicanos est\u00e1n cansados de pagar dos veces: por un servicio que reciben precariamente, y nuevamente, para compensar sus deficiencias, comprando inversores, bater\u00edas, combustibles.<br \/>\nLas facturas el\u00e9ctricas pueden no llamarse impuestos, pero cuando reducen cada mes el ingreso disponible de las familias se convierten en una pesada carga que el Gobierno debe explicar y justificar.<\/p>\n<p>La pregunta final es inevitable: \u00bfhasta cu\u00e1ndo seguir\u00e1 pagando el ciudadano el costo de las ineficiencias del Estado?<br \/>\nPorque una cosa es aumentar la tarifa para mejorar el servicio y otra muy distinta es hacer que el ciudadano pague cada vez m\u00e1s mientras se agrava consistentemente el servicio el\u00e9ctrico.<br \/>\nEl malestar ya no puede ser tratado como una simple queja individual. Cuando miles de ciudadanos sienten que pagan m\u00e1s, reciben menos y no encuentran una respuesta satisfactoria, estamos ante un problema nacional que afecta la confianza en las instituciones.<br \/>\nEl pueblo dominicano no puede continuar pagando m\u00e1s para recibir menos. Necesita un servicio el\u00e9ctrico confiable, una facturaci\u00f3n transparente y autoridades que defiendan efectivamente sus derechos.<\/p>\n<p>Y si una carga econ\u00f3mica creciente termina llegando cada mes a los hogares a trav\u00e9s de la factura el\u00e9ctrica, sin una explicaci\u00f3n clara y convincente sobre sus causas, entonces es leg\u00edtimo preguntarse si estamos ante una nueva forma de imponer cargas impositivas al ciudadano.<br \/>\nQuiz\u00e1s no figure como un nuevo tributo en ninguna ley. Quiz\u00e1s nadie la haya llamado oficialmente reforma fiscal. Pero llega todos los meses. Y llega disfrazada de factura el\u00e9ctrica.<\/p>\n","protected":false},"excerpt":{"rendered":"<p>Por: Carlos Manzano | Hay algo que los dominicanos est\u00e1n sintiendo cada mes con mayor angustia y preocupaci\u00f3n: abrir la factura el\u00e9ctrica que les llega mensual y descubrir que el salario les alcanza cada vez para menos. Se intenta ahorrar, apagar luces, desconectar equipos y reducir el consumo, pero la factura, la mayor\u00eda de las [&hellip;]<\/p>\n","protected":false},"author":1,"featured_media":83848,"comment_status":"open","ping_status":"open","sticky":false,"template":"","format":"standard","meta":{"tdm_status":"","tdm_grid_status":"","footnotes":""},"categories":[53],"tags":[],"_links":{"self":[{"href":"https:\/\/pldaldia.com\/portada\/wp-json\/wp\/v2\/posts\/91370"}],"collection":[{"href":"https:\/\/pldaldia.com\/portada\/wp-json\/wp\/v2\/posts"}],"about":[{"href":"https:\/\/pldaldia.com\/portada\/wp-json\/wp\/v2\/types\/post"}],"author":[{"embeddable":true,"href":"https:\/\/pldaldia.com\/portada\/wp-json\/wp\/v2\/users\/1"}],"replies":[{"embeddable":true,"href":"https:\/\/pldaldia.com\/portada\/wp-json\/wp\/v2\/comments?post=91370"}],"version-history":[{"count":1,"href":"https:\/\/pldaldia.com\/portada\/wp-json\/wp\/v2\/posts\/91370\/revisions"}],"predecessor-version":[{"id":91371,"href":"https:\/\/pldaldia.com\/portada\/wp-json\/wp\/v2\/posts\/91370\/revisions\/91371"}],"wp:featuredmedia":[{"embeddable":true,"href":"https:\/\/pldaldia.com\/portada\/wp-json\/wp\/v2\/media\/83848"}],"wp:attachment":[{"href":"https:\/\/pldaldia.com\/portada\/wp-json\/wp\/v2\/media?parent=91370"}],"wp:term":[{"taxonomy":"category","embeddable":true,"href":"https:\/\/pldaldia.com\/portada\/wp-json\/wp\/v2\/categories?post=91370"},{"taxonomy":"post_tag","embeddable":true,"href":"https:\/\/pldaldia.com\/portada\/wp-json\/wp\/v2\/tags?post=91370"}],"curies":[{"name":"wp","href":"https:\/\/api.w.org\/{rel}","templated":true}]}}