{"id":91372,"date":"2026-09-04T11:50:16","date_gmt":"2026-09-04T15:50:16","guid":{"rendered":"https:\/\/pldaldia.com\/portada\/?p=91372"},"modified":"2026-09-04T11:50:16","modified_gmt":"2026-09-04T15:50:16","slug":"orden-de-la-boleta-de-la-consulta-del-pld","status":"publish","type":"post","link":"https:\/\/pldaldia.com\/portada\/orden-de-la-boleta-de-la-consulta-del-pld\/","title":{"rendered":"Orden de la boleta de la Consulta del PLD"},"content":{"rendered":"<p>Avanzando en la organizaci\u00f3n de su Consulta, el PLD informa mediante resoluci\u00f3n que se ha establecido el orden y numeraci\u00f3n de los aspirantes presidenciales en la boleta de la consulta<\/p>\n<p>La Comisi\u00f3n Organizadora de la Consulta sobre Aspirantes Presidenciales (CONAP-2026) del Partido de la Liberaci\u00f3n Dominicana (PLD) dio a conocer mediante resoluci\u00f3n el orden y la numeraci\u00f3n de los aspirantes presidenciales en la boleta de la consulta, pautada para el 18 de octubre pr\u00f3ximo.<\/p>\n<p>Mediante la Resoluci\u00f3n n\u00fam. res-conap-2026-002-09-2026 se establece, que la numeraci\u00f3n asignada a los aspirantes se hizo conforme al resultado de UN sorteo, en el que participaron la representaci\u00f3n de los aspirantes.<\/p>\n<p>\u201cSe hace constar que el sorteo fue celebrado el martes 1 de septiembre de 2026, en presencia de los representantes acreditados de los aspirantes presidenciales, conforme al acta levantada al efecto, la cual se anexa a la presente Resoluci\u00f3n y forma parte integrante de la misma\u201d, se detalla en el art\u00edculo Dos (2) de la citada resoluci\u00f3n.<\/p>\n<p>Conforme al resultado del sorteo el orden y numeraci\u00f3n de los aspirantes presidenciales en la boleta de la Consulta es: En el N\u00famero 1, Francisco Javier Garc\u00eda, en el N\u00famero 2., Luis de Le\u00f3n, en el N\u00famero 3. Manfred Mata, en el N\u00famero 4. Gonzalo Castillo, en el N\u00famero 5. Francisco Dom\u00ednguez Brito.<\/p>\n<p>En la Resoluci\u00f3n se hace la precisi\u00f3n que la numeraci\u00f3n regir\u00e1 de manera uniforme para la boleta f\u00edsica, para los sistemas y aplicaciones inform\u00e1ticas del proceso, para el sistema de c\u00f3mputo y transmisi\u00f3n de resultados y para todo material oficial de la Consulta, tanto en el territorio nacional como en las Seccionales del Exterior.<\/p>\n<p>El texto de la Resoluci\u00f3n ha sido comunicado por la CONAP-2026 a cada uno de los aspirantes presidenciales y a sus representantes acreditados, y publicada en los portales oficiales del PLD y sus redes sociales.<\/p>\n","protected":false},"excerpt":{"rendered":"<p>Avanzando en la organizaci\u00f3n de su Consulta, el PLD informa mediante resoluci\u00f3n que se ha establecido el orden y numeraci\u00f3n de los aspirantes presidenciales en la boleta de la consulta La Comisi\u00f3n Organizadora de la Consulta sobre Aspirantes Presidenciales (CONAP-2026) del Partido de la Liberaci\u00f3n Dominicana (PLD) dio a conocer mediante resoluci\u00f3n el orden y [&hellip;]<\/p>\n","protected":false},"author":1,"featured_media":91373,"comment_status":"open","ping_status":"open","sticky":false,"template":"","format":"standard","meta":{"tdm_status":"","tdm_grid_status":"","footnotes":""},"categories":[9],"tags":[],"_links":{"self":[{"href":"https:\/\/pldaldia.com\/portada\/wp-json\/wp\/v2\/posts\/91372"}],"collection":[{"href":"https:\/\/pldaldia.com\/portada\/wp-json\/wp\/v2\/posts"}],"about":[{"href":"https:\/\/pldaldia.com\/portada\/wp-json\/wp\/v2\/types\/post"}],"author":[{"embeddable":true,"href":"https:\/\/pldaldia.com\/portada\/wp-json\/wp\/v2\/users\/1"}],"replies":[{"embeddable":true,"href":"https:\/\/pldaldia.com\/portada\/wp-json\/wp\/v2\/comments?post=91372"}],"version-history":[{"count":1,"href":"https:\/\/pldaldia.com\/portada\/wp-json\/wp\/v2\/posts\/91372\/revisions"}],"predecessor-version":[{"id":91374,"href":"https:\/\/pldaldia.com\/portada\/wp-json\/wp\/v2\/posts\/91372\/revisions\/91374"}],"wp:featuredmedia":[{"embeddable":true,"href":"https:\/\/pldaldia.com\/portada\/wp-json\/wp\/v2\/media\/91373"}],"wp:attachment":[{"href":"https:\/\/pldaldia.com\/portada\/wp-json\/wp\/v2\/media?parent=91372"}],"wp:term":[{"taxonomy":"category","embeddable":true,"href":"https:\/\/pldaldia.com\/portada\/wp-json\/wp\/v2\/categories?post=91372"},{"taxonomy":"post_tag","embeddable":true,"href":"https:\/\/pldaldia.com\/portada\/wp-json\/wp\/v2\/tags?post=91372"}],"curies":[{"name":"wp","href":"https:\/\/api.w.org\/{rel}","templated":true}]}}