{"id":91375,"date":"2026-09-04T11:53:13","date_gmt":"2026-09-04T15:53:13","guid":{"rendered":"https:\/\/pldaldia.com\/portada\/?p=91375"},"modified":"2026-09-04T11:53:13","modified_gmt":"2026-09-04T15:53:13","slug":"la-ley-no-faculta-al-ejecutivo-a-ocultar-auditorias-de-la-contraloria","status":"publish","type":"post","link":"https:\/\/pldaldia.com\/portada\/la-ley-no-faculta-al-ejecutivo-a-ocultar-auditorias-de-la-contraloria\/","title":{"rendered":"La Ley NO faculta al Ejecutivo a ocultar auditor\u00edas de la Contralor\u00eda"},"content":{"rendered":"<p>La abogada especialista en derecho administrativo, Yulibelys Wandelpool, advirti\u00f3 que la falta de un mandato expreso de publicaci\u00f3n autom\u00e1tica en la Ley 10-07 no otorga al Poder Ejecutivo la facultad de decidir de forma discrecional qu\u00e9 informes de la Contralor\u00eda General de la Rep\u00fablica conoce la ciudadan\u00eda.<\/p>\n<p>El pronunciamiento de la especialista responde al argumento institucional de que dicha ley no obliga a difundir las auditor\u00edas y de que es necesario esperar una oficializaci\u00f3n por parte del Gobierno.<\/p>\n<p>Wandelpool, en declaraciones al peri\u00f3dico El Nacional,  record\u00f3 que la normativa estipula la remisi\u00f3n de los informes al Ejecutivo y a los \u00f3rganos competentes como parte del procedimiento de control interno, lo cual no constituye una autorizaci\u00f3n para mantener los datos bajo reserva indefinida.<\/p>\n<p>De acuerdo con la jurista, el marco legal vigente, que incluye la Constituci\u00f3n y la Ley 200-04 de Libre Acceso a la Informaci\u00f3n P\u00fablica, establece que las instituciones estatales deben entregar los documentos bajo su control.<\/p>\n<p>Se\u00f1al\u00f3 que la reserva de informaci\u00f3n debe ser excepcional, aplicarse caso por caso y estar respaldada por una causa legal concreta, tales como investigaciones en curso o procesos administrativos preliminares.<\/p>\n<p>En este sentido, Wandelpool recalc\u00f3 que el debate jur\u00eddico e institucional se centra en que la administraci\u00f3n p\u00fablica debe justificar legalmente cualquier negativa a entregar auditor\u00edas definitivas a los ciudadanos, en lugar de condicionar la transparencia a la voluntad gubernamental o a la conveniencia pol\u00edtica.<\/p>\n","protected":false},"excerpt":{"rendered":"<p>La abogada especialista en derecho administrativo, Yulibelys Wandelpool, advirti\u00f3 que la falta de un mandato expreso de publicaci\u00f3n autom\u00e1tica en la Ley 10-07 no otorga al Poder Ejecutivo la facultad de decidir de forma discrecional qu\u00e9 informes de la Contralor\u00eda General de la Rep\u00fablica conoce la ciudadan\u00eda. El pronunciamiento de la especialista responde al argumento [&hellip;]<\/p>\n","protected":false},"author":1,"featured_media":91377,"comment_status":"open","ping_status":"open","sticky":false,"template":"","format":"standard","meta":{"tdm_status":"","tdm_grid_status":"","footnotes":""},"categories":[9],"tags":[],"_links":{"self":[{"href":"https:\/\/pldaldia.com\/portada\/wp-json\/wp\/v2\/posts\/91375"}],"collection":[{"href":"https:\/\/pldaldia.com\/portada\/wp-json\/wp\/v2\/posts"}],"about":[{"href":"https:\/\/pldaldia.com\/portada\/wp-json\/wp\/v2\/types\/post"}],"author":[{"embeddable":true,"href":"https:\/\/pldaldia.com\/portada\/wp-json\/wp\/v2\/users\/1"}],"replies":[{"embeddable":true,"href":"https:\/\/pldaldia.com\/portada\/wp-json\/wp\/v2\/comments?post=91375"}],"version-history":[{"count":1,"href":"https:\/\/pldaldia.com\/portada\/wp-json\/wp\/v2\/posts\/91375\/revisions"}],"predecessor-version":[{"id":91378,"href":"https:\/\/pldaldia.com\/portada\/wp-json\/wp\/v2\/posts\/91375\/revisions\/91378"}],"wp:featuredmedia":[{"embeddable":true,"href":"https:\/\/pldaldia.com\/portada\/wp-json\/wp\/v2\/media\/91377"}],"wp:attachment":[{"href":"https:\/\/pldaldia.com\/portada\/wp-json\/wp\/v2\/media?parent=91375"}],"wp:term":[{"taxonomy":"category","embeddable":true,"href":"https:\/\/pldaldia.com\/portada\/wp-json\/wp\/v2\/categories?post=91375"},{"taxonomy":"post_tag","embeddable":true,"href":"https:\/\/pldaldia.com\/portada\/wp-json\/wp\/v2\/tags?post=91375"}],"curies":[{"name":"wp","href":"https:\/\/api.w.org\/{rel}","templated":true}]}}