{"id":91379,"date":"2026-09-04T14:09:00","date_gmt":"2026-09-04T18:09:00","guid":{"rendered":"https:\/\/pldaldia.com\/portada\/?p=91379"},"modified":"2026-09-04T14:09:00","modified_gmt":"2026-09-04T18:09:00","slug":"el-pld-trabajando-en-la-formacion-en-valores-de-sus-miembros","status":"publish","type":"post","link":"https:\/\/pldaldia.com\/portada\/el-pld-trabajando-en-la-formacion-en-valores-de-sus-miembros\/","title":{"rendered":"El PLD Trabajando en la Formaci\u00f3n en Valores de sus miembros"},"content":{"rendered":"<p>EL PLD anuncia para la ma\u00f1ana de este s\u00e1bado, 5 de septiembre, un segundo taller de Formaci\u00f3n en Valores de sus miembros.<\/p>\n<p>El Partido de la Liberaci\u00f3n Dominicana (PLD) program\u00f3 para este s\u00e1bado el taller de Formaci\u00f3n en Valores, dirigido a los dirigentes de esa organizaci\u00f3n designados por las direcciones municipales para participar en el acto.<\/p>\n<p>El taller, organizado por la Comisi\u00f3n de Formaci\u00f3n en Valores, est\u00e1 pautado para celebrarse en el sal\u00f3n Bienvenido Sandoval de la Casa Nacional Reinaldo Pared P\u00e9rez, con una agenda que incluye, conferencias y exposiciones sobre la importancia de resaltar los valores en la formaci\u00f3n de los miembros y dirigentes del PLD.<\/p>\n<p>Lidio Cadet, quien es el titular de la Comisi\u00f3n de Formaci\u00f3n en Valores, record\u00f3 que el acto, programado para iniciar a las 10.30 de la ma\u00f1ana, contar\u00e1 con la asistencia del ex Presidente de la Rep\u00fablica, Danilo Medina, Presidente del PLD y el Secretario General, Johnny Pujols y una representaci\u00f3n de miembros del Comit\u00e9 Pol\u00edtico.<\/p>\n<p>La actividad de este s\u00e1bado es el segundo de los talleres que organiza la Comisi\u00f3n de Formaci\u00f3n en Valores del PLD , \u00f3rgano con la misi\u00f3n de promover en la militancia partidaria los principios \u00e9ticos, patri\u00f3ticos y sociales que dieron origen al partido fundado por el profesor Juan Bosch.<\/p>\n<p>El taller se ha concebido con una ceremonia inicial, que incluye una exposici\u00f3n de Lidio Cadet, una intervenci\u00f3n del Secretario General, Johnny Pujols, luego se forman las mesas de trabajo para las deliberaciones y al final, en horas de la tarde se presentan las conclusiones y recomendaciones.<\/p>\n","protected":false},"excerpt":{"rendered":"<p>EL PLD anuncia para la ma\u00f1ana de este s\u00e1bado, 5 de septiembre, un segundo taller de Formaci\u00f3n en Valores de sus miembros. El Partido de la Liberaci\u00f3n Dominicana (PLD) program\u00f3 para este s\u00e1bado el taller de Formaci\u00f3n en Valores, dirigido a los dirigentes de esa organizaci\u00f3n designados por las direcciones municipales para participar en el [&hellip;]<\/p>\n","protected":false},"author":1,"featured_media":91380,"comment_status":"open","ping_status":"open","sticky":false,"template":"","format":"standard","meta":{"tdm_status":"","tdm_grid_status":"","footnotes":""},"categories":[9],"tags":[],"_links":{"self":[{"href":"https:\/\/pldaldia.com\/portada\/wp-json\/wp\/v2\/posts\/91379"}],"collection":[{"href":"https:\/\/pldaldia.com\/portada\/wp-json\/wp\/v2\/posts"}],"about":[{"href":"https:\/\/pldaldia.com\/portada\/wp-json\/wp\/v2\/types\/post"}],"author":[{"embeddable":true,"href":"https:\/\/pldaldia.com\/portada\/wp-json\/wp\/v2\/users\/1"}],"replies":[{"embeddable":true,"href":"https:\/\/pldaldia.com\/portada\/wp-json\/wp\/v2\/comments?post=91379"}],"version-history":[{"count":1,"href":"https:\/\/pldaldia.com\/portada\/wp-json\/wp\/v2\/posts\/91379\/revisions"}],"predecessor-version":[{"id":91381,"href":"https:\/\/pldaldia.com\/portada\/wp-json\/wp\/v2\/posts\/91379\/revisions\/91381"}],"wp:featuredmedia":[{"embeddable":true,"href":"https:\/\/pldaldia.com\/portada\/wp-json\/wp\/v2\/media\/91380"}],"wp:attachment":[{"href":"https:\/\/pldaldia.com\/portada\/wp-json\/wp\/v2\/media?parent=91379"}],"wp:term":[{"taxonomy":"category","embeddable":true,"href":"https:\/\/pldaldia.com\/portada\/wp-json\/wp\/v2\/categories?post=91379"},{"taxonomy":"post_tag","embeddable":true,"href":"https:\/\/pldaldia.com\/portada\/wp-json\/wp\/v2\/tags?post=91379"}],"curies":[{"name":"wp","href":"https:\/\/api.w.org\/{rel}","templated":true}]}}