{"id":91382,"date":"2026-09-04T15:46:33","date_gmt":"2026-09-04T19:46:33","guid":{"rendered":"https:\/\/pldaldia.com\/portada\/?p=91382"},"modified":"2026-09-04T15:46:33","modified_gmt":"2026-09-04T19:46:33","slug":"johnny-pujols-iniciara-jornada-de-esfuerzos-concentrados-en-sdn","status":"publish","type":"post","link":"https:\/\/pldaldia.com\/portada\/johnny-pujols-iniciara-jornada-de-esfuerzos-concentrados-en-sdn\/","title":{"rendered":"Johnny Pujols iniciara jornada de Esfuerzos Concentrados en SDN"},"content":{"rendered":"<p>Johnny Pujols, secretario general del PLD, dejar\u00e1 iniciada la jornada nacional de Esfuerzos Concentrados con un acto en el municipio Santo Domingo Norte.<\/p>\n<p>El Secretario General del Partido de la Liberaci\u00f3n Dominicana (PLD) Johnny Pujols, en compa\u00f1\u00eda de una representaci\u00f3n de la Secretar\u00eda de Enlaces y Comunicaci\u00f3n Interna dejar\u00e1 iniciado la jornada nacional de Esfuerzos Concentrados de esa organizaci\u00f3n programada para este s\u00e1bado.<\/p>\n<p>Pujols estar\u00e1 presente a partir de las 3.30 de la tarde en el municipio Santo Domingo Norte en la Calle 2da del sector 10 y medio pr\u00f3ximo a la avenida Hermanas Mirabal y a la estaci\u00f3n del Metro de Santo Domingo Gregorio Urbano Gilbert.<\/p>\n<p>Al igual que Pujols, a esa misma hora los dirigentes en los municipios, distritos municipales y circunscripciones electorales formalizar\u00e1n el inicio de la actividad, conformando las diferentes comisiones y trazando la ruta para visitar los hogares del lugar seleccionado para el esfuerzo concentrado.<\/p>\n<p>Luego de la apertura los dirigentes del PLD, encabezado por su Secretario General, volver\u00e1n a reunirse a las 5:30 p.m. en el sector capitalino San Carlos, espec\u00edficamente en la parte de esa popular barriada conocida como las cinco esquinas para pasar balance a la jornada realizada<\/p>\n<p>El Partido de la Liberaci\u00f3n Dominicana (PLD) est\u00e1 convocando a sus miembros, militantes y dirigentes a participar de manera activa y entusiasta en la jornada nacional de Esfuerzos Concentrados este s\u00e1bado (5 de septiembre) en todo el territorio nacional.<\/p>\n","protected":false},"excerpt":{"rendered":"<p>Johnny Pujols, secretario general del PLD, dejar\u00e1 iniciada la jornada nacional de Esfuerzos Concentrados con un acto en el municipio Santo Domingo Norte. El Secretario General del Partido de la Liberaci\u00f3n Dominicana (PLD) Johnny Pujols, en compa\u00f1\u00eda de una representaci\u00f3n de la Secretar\u00eda de Enlaces y Comunicaci\u00f3n Interna dejar\u00e1 iniciado la jornada nacional de Esfuerzos [&hellip;]<\/p>\n","protected":false},"author":1,"featured_media":91384,"comment_status":"open","ping_status":"open","sticky":false,"template":"","format":"standard","meta":{"tdm_status":"","tdm_grid_status":"","footnotes":""},"categories":[9],"tags":[],"_links":{"self":[{"href":"https:\/\/pldaldia.com\/portada\/wp-json\/wp\/v2\/posts\/91382"}],"collection":[{"href":"https:\/\/pldaldia.com\/portada\/wp-json\/wp\/v2\/posts"}],"about":[{"href":"https:\/\/pldaldia.com\/portada\/wp-json\/wp\/v2\/types\/post"}],"author":[{"embeddable":true,"href":"https:\/\/pldaldia.com\/portada\/wp-json\/wp\/v2\/users\/1"}],"replies":[{"embeddable":true,"href":"https:\/\/pldaldia.com\/portada\/wp-json\/wp\/v2\/comments?post=91382"}],"version-history":[{"count":1,"href":"https:\/\/pldaldia.com\/portada\/wp-json\/wp\/v2\/posts\/91382\/revisions"}],"predecessor-version":[{"id":91385,"href":"https:\/\/pldaldia.com\/portada\/wp-json\/wp\/v2\/posts\/91382\/revisions\/91385"}],"wp:featuredmedia":[{"embeddable":true,"href":"https:\/\/pldaldia.com\/portada\/wp-json\/wp\/v2\/media\/91384"}],"wp:attachment":[{"href":"https:\/\/pldaldia.com\/portada\/wp-json\/wp\/v2\/media?parent=91382"}],"wp:term":[{"taxonomy":"category","embeddable":true,"href":"https:\/\/pldaldia.com\/portada\/wp-json\/wp\/v2\/categories?post=91382"},{"taxonomy":"post_tag","embeddable":true,"href":"https:\/\/pldaldia.com\/portada\/wp-json\/wp\/v2\/tags?post=91382"}],"curies":[{"name":"wp","href":"https:\/\/api.w.org\/{rel}","templated":true}]}}