{"id":91393,"date":"2026-09-05T02:40:04","date_gmt":"2026-09-05T06:40:04","guid":{"rendered":"https:\/\/pldaldia.com\/portada\/?p=91393"},"modified":"2026-09-05T02:40:04","modified_gmt":"2026-09-05T06:40:04","slug":"dia-internacional-del-buitre-2","status":"publish","type":"post","link":"https:\/\/pldaldia.com\/portada\/dia-internacional-del-buitre-2\/","title":{"rendered":"D\u00eda Internacional del Buitre"},"content":{"rendered":"<p>El D\u00eda Internacional del Buitre se celebra el primer s\u00e1bado de septiembre. Aunque parezca extra\u00f1o dedicar un d\u00eda entero a un ave carro\u00f1era, lo cierto es que este p\u00e1jaro de extra\u00f1a belleza es uno de los m\u00e1s amenazados a nivel mundial.<\/p>\n","protected":false},"excerpt":{"rendered":"<p>El D\u00eda Internacional del Buitre se celebra el primer s\u00e1bado de septiembre. Aunque parezca extra\u00f1o dedicar un d\u00eda entero a un ave carro\u00f1era, lo cierto es que este p\u00e1jaro de extra\u00f1a belleza es uno de los m\u00e1s amenazados a nivel mundial.<\/p>\n","protected":false},"author":1,"featured_media":91391,"comment_status":"open","ping_status":"open","sticky":false,"template":"","format":"standard","meta":{"tdm_status":"","tdm_grid_status":"","footnotes":""},"categories":[57],"tags":[],"_links":{"self":[{"href":"https:\/\/pldaldia.com\/portada\/wp-json\/wp\/v2\/posts\/91393"}],"collection":[{"href":"https:\/\/pldaldia.com\/portada\/wp-json\/wp\/v2\/posts"}],"about":[{"href":"https:\/\/pldaldia.com\/portada\/wp-json\/wp\/v2\/types\/post"}],"author":[{"embeddable":true,"href":"https:\/\/pldaldia.com\/portada\/wp-json\/wp\/v2\/users\/1"}],"replies":[{"embeddable":true,"href":"https:\/\/pldaldia.com\/portada\/wp-json\/wp\/v2\/comments?post=91393"}],"version-history":[{"count":1,"href":"https:\/\/pldaldia.com\/portada\/wp-json\/wp\/v2\/posts\/91393\/revisions"}],"predecessor-version":[{"id":91394,"href":"https:\/\/pldaldia.com\/portada\/wp-json\/wp\/v2\/posts\/91393\/revisions\/91394"}],"wp:featuredmedia":[{"embeddable":true,"href":"https:\/\/pldaldia.com\/portada\/wp-json\/wp\/v2\/media\/91391"}],"wp:attachment":[{"href":"https:\/\/pldaldia.com\/portada\/wp-json\/wp\/v2\/media?parent=91393"}],"wp:term":[{"taxonomy":"category","embeddable":true,"href":"https:\/\/pldaldia.com\/portada\/wp-json\/wp\/v2\/categories?post=91393"},{"taxonomy":"post_tag","embeddable":true,"href":"https:\/\/pldaldia.com\/portada\/wp-json\/wp\/v2\/tags?post=91393"}],"curies":[{"name":"wp","href":"https:\/\/api.w.org\/{rel}","templated":true}]}}