{"id":91396,"date":"2026-09-05T09:58:52","date_gmt":"2026-09-05T13:58:52","guid":{"rendered":"https:\/\/pldaldia.com\/portada\/?p=91396"},"modified":"2026-09-05T09:58:52","modified_gmt":"2026-09-05T13:58:52","slug":"calles-avenidas-y-carreteras-deterioradas-muestras-del-llamado-cambio","status":"publish","type":"post","link":"https:\/\/pldaldia.com\/portada\/calles-avenidas-y-carreteras-deterioradas-muestras-del-llamado-cambio\/","title":{"rendered":"Calles, avenidas y carreteras deterioradas, muestras del llamado Cambio"},"content":{"rendered":"<p>Un simple examen a la agenda de los medios masivos de comunicaci\u00f3n en la semana que concluye permite apreciar el dominio alcanzado por las quejas ciudadanas ante el deterioro de las calles y carreteras del pa\u00eds<\/p>\n<p>El mal estado de las v\u00edas en la Rep\u00fablica Dominicana es uno de los motivos de queja m\u00e1s recurrentes por parte de conductores y ciudadanos perjudicados por las malas condiciones de avenidas, calles y carreteras.<\/p>\n<p>Las denuncias ciudadanas abarcan desde grandes carreteras interprovinciales hasta caminos vecinales en zonas rurales, lo que evidencia problemas de infraestructura, falta de supervisi\u00f3n y descuido de las autoridades.<\/p>\n<p>La falta de mantenimiento, la precaria iluminaci\u00f3n, la ausencia de se\u00f1alizaci\u00f3n, los baches, el deterioro del pavimento, el drenaje inestable y el retraso en los planes de asfaltado son parte de los inconvenientes.<\/p>\n<p>En las quejas ciudadanas se explica que los defectos en las v\u00edas contribuyen al deterioro de los veh\u00edculos y, en algunos casos, han provocado accidentes de tr\u00e1nsito.<\/p>\n<p>Los quejosos lamentan que las autoridades de Obras P\u00fablicas y las alcald\u00edas de distintos municipios de nuestro pa\u00eds hagan caso omiso al deterioro de las v\u00edas, lo que genera un gran malestar que se manifiesta en denuncias p\u00fablicas y protestas.<\/p>\n<p>Solo en la semana en curso se apreciaron denuncias sobre el deterioro de v\u00edas en sectores como Pantoja (Santo Domingo Oeste), en avenidas principales de Santo Domingo Este, y en las provincias de Monte Plata, R\u00edo San Juan y Hato Mayor, entre otras.<\/p>\n<p> Se incluyen aqu\u00ed las persistentes quejas sobre la autopista Duarte y su interminable intervenci\u00f3n, a la cual no se le ve fin, una situaci\u00f3n que ya ha generado m\u00faltiples accidentes.<\/p>\n<p>Los baches, los problemas de drenaje y las aceras deterioradas son algunos de los males que afectan el tr\u00e1nsito y tambi\u00e9n la seguridad de quienes transitan cada d\u00eda por esa zona.<\/p>\n<p>Estas situaciones, que aparentan ser rutinarias, delatan el alto grado de improvisaci\u00f3n del Gobierno del PRM, que insiste, desde el punto de vista medi\u00e1tico, en vender logros y avances inexistentes.<\/p>\n","protected":false},"excerpt":{"rendered":"<p>Un simple examen a la agenda de los medios masivos de comunicaci\u00f3n en la semana que concluye permite apreciar el dominio alcanzado por las quejas ciudadanas ante el deterioro de las calles y carreteras del pa\u00eds El mal estado de las v\u00edas en la Rep\u00fablica Dominicana es uno de los motivos de queja m\u00e1s recurrentes [&hellip;]<\/p>\n","protected":false},"author":1,"featured_media":65375,"comment_status":"open","ping_status":"open","sticky":false,"template":"","format":"standard","meta":{"tdm_status":"","tdm_grid_status":"","footnotes":""},"categories":[53],"tags":[],"_links":{"self":[{"href":"https:\/\/pldaldia.com\/portada\/wp-json\/wp\/v2\/posts\/91396"}],"collection":[{"href":"https:\/\/pldaldia.com\/portada\/wp-json\/wp\/v2\/posts"}],"about":[{"href":"https:\/\/pldaldia.com\/portada\/wp-json\/wp\/v2\/types\/post"}],"author":[{"embeddable":true,"href":"https:\/\/pldaldia.com\/portada\/wp-json\/wp\/v2\/users\/1"}],"replies":[{"embeddable":true,"href":"https:\/\/pldaldia.com\/portada\/wp-json\/wp\/v2\/comments?post=91396"}],"version-history":[{"count":1,"href":"https:\/\/pldaldia.com\/portada\/wp-json\/wp\/v2\/posts\/91396\/revisions"}],"predecessor-version":[{"id":91397,"href":"https:\/\/pldaldia.com\/portada\/wp-json\/wp\/v2\/posts\/91396\/revisions\/91397"}],"wp:featuredmedia":[{"embeddable":true,"href":"https:\/\/pldaldia.com\/portada\/wp-json\/wp\/v2\/media\/65375"}],"wp:attachment":[{"href":"https:\/\/pldaldia.com\/portada\/wp-json\/wp\/v2\/media?parent=91396"}],"wp:term":[{"taxonomy":"category","embeddable":true,"href":"https:\/\/pldaldia.com\/portada\/wp-json\/wp\/v2\/categories?post=91396"},{"taxonomy":"post_tag","embeddable":true,"href":"https:\/\/pldaldia.com\/portada\/wp-json\/wp\/v2\/tags?post=91396"}],"curies":[{"name":"wp","href":"https:\/\/api.w.org\/{rel}","templated":true}]}}