{"id":91399,"date":"2026-09-05T13:53:00","date_gmt":"2026-09-05T17:53:00","guid":{"rendered":"https:\/\/pldaldia.com\/portada\/?p=91399"},"modified":"2026-09-05T13:53:00","modified_gmt":"2026-09-05T17:53:00","slug":"los-valores-que-cultiva-y-promueve-el-pld","status":"publish","type":"post","link":"https:\/\/pldaldia.com\/portada\/los-valores-que-cultiva-y-promueve-el-pld\/","title":{"rendered":"Los valores que cultiva y promueve el PLD"},"content":{"rendered":"<p>Lidio Cadet resalta el rol de la Comisi\u00f3n de Formaci\u00f3n en Valores del PLD en el fortalecimiento de la \u00e9tica boschista del Partido de la Liberaci\u00f3n Dominicana.<\/p>\n<p>Lidio Cadet, coordinador de la Comisi\u00f3n de Formaci\u00f3n en Valores del Partido de la Liberaci\u00f3n Dominicana en las palabras de apertura del Taller de Inducci\u00f3n de la Comisi\u00f3n de Formaci\u00f3n en Valores, dirigido a dirigentes municipales, resalt\u00f3 el pensamiento, la vida y la obra del Profesor Juan Bosch, l\u00edder hist\u00f3rico del PLD, explicando que constituyen la base \u00e9tica, hist\u00f3rica y pol\u00edtica del Partido.<\/p>\n<p><a href=\"http:\/\/vanguardiadelpueblo.do\/wp-content\/uploads\/2026\/09\/WhatsApp-Image-2026-09-05-at-1.48.25-PM.jpeg\"><img decoding=\"async\" loading=\"lazy\" class=\"alignright size-medium wp-image-244794\" src=\"http:\/\/vanguardiadelpueblo.do\/wp-content\/uploads\/2026\/09\/WhatsApp-Image-2026-09-05-at-1.48.25-PM-446x320.jpeg\" alt=\"\" width=\"446\" height=\"320\" \/><\/a>Al mismo tiempo Cadet, hizo un llamado a la militancia pelede\u00edsta a asumir en la pr\u00e1ctica cotidiana los valores del amor, la verdad, la justicia, la libertad, la coherencia y el servicio al pueblo.<\/p>\n<p>El ex Secretario General del PLD destac\u00f3 los aportes del ex presidente de la Rep\u00fablica al fortalecimiento democr\u00e1tico del pa\u00eds, como maestro del ejercicio pol\u00edtico en el que la \u00e9tica y la disciplina ocuparon un lugar preponderante.<\/p>\n<p>Para llegar a los aportes de Bosch, el expositor hizo un recorrido en s\u00edntesis por los diferentes episodios hist\u00f3ricos que influyeron en la formaci\u00f3n del mentor y gu\u00eda del PLD; los que se convirtieron en la gu\u00eda para la construcci\u00f3n y consolidaci\u00f3n de la organizaci\u00f3n como partido pol\u00edtico.<\/p>\n<p><a href=\"http:\/\/vanguardiadelpueblo.do\/wp-content\/uploads\/2026\/09\/WhatsApp-Image-2026-09-05-at-1.48.25-PM-1.jpeg\"><img decoding=\"async\" loading=\"lazy\" class=\"size-medium wp-image-244793 alignleft\" src=\"http:\/\/vanguardiadelpueblo.do\/wp-content\/uploads\/2026\/09\/WhatsApp-Image-2026-09-05-at-1.48.25-PM-1-480x275.jpeg\" alt=\"\" width=\"480\" height=\"275\" \/><\/a>\u201cEl Gobierno del Presidente Danilo Medina es un ejemplo de la aplicaci\u00f3n del pensamiento boschista en la pol\u00edtica, ostensible en las grandes realizaciones de esa gesti\u00f3n, como lo est\u00e1 reconociendo el pueblo dominicano\u201d, dijo Lidio Cadet.<\/p>\n<p>Johnny Pujols, secretario general del PLD, encabez\u00f3 la representaci\u00f3n de la direcci\u00f3n partidaria presente en la apertura del encuentro junto la vicepresidenta del PLD, Zoraima Cuello, Lidio Cadet, coordinador de la Comisi\u00f3n de Formaci\u00f3n en Valores, Cristina Lizardo, coordinadora de la Comisi\u00f3n Organizadora de la Consulta del PLD, Margarita Pimentel y H\u00e9ctor Olivo, del Comit\u00e9 Pol\u00edtico.<\/p>\n<p>Presentes tambi\u00e9n, reconocidos miembros del Comit\u00e9 Central, presidentes de Comit\u00e9 Municipales, de Comit\u00e9s Intermedios y de base.<\/p>\n<p>Cadet present\u00f3 las excusas del ex Presidente Danilo Medina, quien cumpl\u00eda con otras responsabilidades propias de sus funciones como Presidente del PLD.<\/p>\n<p>La apertura de la actividad se desarroll\u00f3 cuando los presentes pronunciaron el lema partidario. \u201cServir al Partido para Servir al Pueblo\u201d y la presentaci\u00f3n formal de la Comisi\u00f3n de Formaci\u00f3n en valores integrada por Lidio Cadet, su coordinador, Zoraima Cuello, vicepresidenta del PLD y los miembros Garibaldi S\u00e1nchez, Jaime Marizan y Mercedes Brito.<\/p>\n<p><a href=\"http:\/\/vanguardiadelpueblo.do\/wp-content\/uploads\/2026\/09\/WhatsApp-Image-2026-09-05-at-1.48.24-PM.jpeg\"><img decoding=\"async\" loading=\"lazy\" class=\"alignright size-medium wp-image-244795\" src=\"http:\/\/vanguardiadelpueblo.do\/wp-content\/uploads\/2026\/09\/WhatsApp-Image-2026-09-05-at-1.48.24-PM-480x278.jpeg\" alt=\"\" width=\"480\" height=\"278\" \/><\/a>El taller, el segundo que realiza la Comisi\u00f3n de Formaci\u00f3n en Valores del PLD, se desarroll\u00f3 en el sal\u00f3n Bienvenido Sandoval de la Casa Nacional Reinaldo Pared P\u00e9rez.<\/p>\n","protected":false},"excerpt":{"rendered":"<p>Lidio Cadet resalta el rol de la Comisi\u00f3n de Formaci\u00f3n en Valores del PLD en el fortalecimiento de la \u00e9tica boschista del Partido de la Liberaci\u00f3n Dominicana. Lidio Cadet, coordinador de la Comisi\u00f3n de Formaci\u00f3n en Valores del Partido de la Liberaci\u00f3n Dominicana en las palabras de apertura del Taller de Inducci\u00f3n de la Comisi\u00f3n [&hellip;]<\/p>\n","protected":false},"author":1,"featured_media":91400,"comment_status":"open","ping_status":"open","sticky":false,"template":"","format":"standard","meta":{"tdm_status":"","tdm_grid_status":"","footnotes":""},"categories":[9],"tags":[],"_links":{"self":[{"href":"https:\/\/pldaldia.com\/portada\/wp-json\/wp\/v2\/posts\/91399"}],"collection":[{"href":"https:\/\/pldaldia.com\/portada\/wp-json\/wp\/v2\/posts"}],"about":[{"href":"https:\/\/pldaldia.com\/portada\/wp-json\/wp\/v2\/types\/post"}],"author":[{"embeddable":true,"href":"https:\/\/pldaldia.com\/portada\/wp-json\/wp\/v2\/users\/1"}],"replies":[{"embeddable":true,"href":"https:\/\/pldaldia.com\/portada\/wp-json\/wp\/v2\/comments?post=91399"}],"version-history":[{"count":1,"href":"https:\/\/pldaldia.com\/portada\/wp-json\/wp\/v2\/posts\/91399\/revisions"}],"predecessor-version":[{"id":91401,"href":"https:\/\/pldaldia.com\/portada\/wp-json\/wp\/v2\/posts\/91399\/revisions\/91401"}],"wp:featuredmedia":[{"embeddable":true,"href":"https:\/\/pldaldia.com\/portada\/wp-json\/wp\/v2\/media\/91400"}],"wp:attachment":[{"href":"https:\/\/pldaldia.com\/portada\/wp-json\/wp\/v2\/media?parent=91399"}],"wp:term":[{"taxonomy":"category","embeddable":true,"href":"https:\/\/pldaldia.com\/portada\/wp-json\/wp\/v2\/categories?post=91399"},{"taxonomy":"post_tag","embeddable":true,"href":"https:\/\/pldaldia.com\/portada\/wp-json\/wp\/v2\/tags?post=91399"}],"curies":[{"name":"wp","href":"https:\/\/api.w.org\/{rel}","templated":true}]}}