{"id":91404,"date":"2026-09-05T15:16:47","date_gmt":"2026-09-05T19:16:47","guid":{"rendered":"https:\/\/pldaldia.com\/portada\/?p=91404"},"modified":"2026-09-05T15:20:31","modified_gmt":"2026-09-05T19:20:31","slug":"esfuerzos-concentrados-del-pld-movilizan-a-todo-pais-video","status":"publish","type":"post","link":"https:\/\/pldaldia.com\/portada\/esfuerzos-concentrados-del-pld-movilizan-a-todo-pais-video\/","title":{"rendered":"Esfuerzos concentrados del PLD movilizan a todo pa\u00eds | Video"},"content":{"rendered":"<p>Son las limitaciones y dificultades que sufre la poblaci\u00f3n lo que le ha llevado a anhelar el regreso del PLD al Gobierno, destaca Zoraima Cuello<\/p>\n<p>Zoraima Cuello, vicepresidenta del Partido de la Liberaci\u00f3n Dominicana (PLD), lament\u00f3 la situaci\u00f3n de precariedad que vive Rep\u00fablica Dominicana en la gesti\u00f3n de Gobierno del PRM, que es lo que ha llevado a la poblaci\u00f3n a reclamar el retorno del PLD al Gobierno.<\/p>\n<p>Cuello respondi\u00f3 a los periodistas que la abordaron previo al Taller de Inducci\u00f3n a la Comisi\u00f3n de Valores del PLD, celebrado en la Casa Nacional Reinaldo Pared P\u00e9rez.<\/p>\n<p>\u201cNos llaman y denuncian los problemas que les afectan como los apagones, la delincuencia y los puntos de drogas donde la gente no ha visto una soluci\u00f3n real a ese y otros problemas y las deficiencias que afectan a la ciudadan\u00eda\u00bb, respondi\u00f3 Cuello a los periodistas, refiriendo el sentir de la gente con las que miembros y dirigentes del PLD conversan en las jornadas de Esfuerzos Concentrados.<\/p>\n<p>Record\u00f3 que este s\u00e1bado 5 de septiembre, el PLD tiene una tercera jornada nacional de esfuerzos concentrados, de manera simult\u00e1nea, en todos los municipios y distritos municipales para acompa\u00f1ar a la gente en su lucha por una nueva Rep\u00fablica Dominicana<\/p>\n<p>Precis\u00f3 que el PLD no se detiene y trabaja en beneficio de la democracia de nuestro pa\u00eds a trav\u00e9s de las actividades que organiza y su v\u00ednculo permanente con la poblaci\u00f3n.<\/p>\n<p>\u00abLo que veo es descomunal en el sentido de que la ciudadan\u00eda en los barrios y campos se nos acercan para reconocer que con el Partido de la Liberaci\u00f3n Dominicana se viv\u00eda mejor\u201d<\/p>\n<p>Tambi\u00e9n hablan con los dirigentes del partido con la intenci\u00f3n de que los inscriban para pertenecer al Partido de la Liberaci\u00f3n Dominicana.<\/p>\n<p>Cuello sostuvo que hay muchas problem\u00e1ticas no resueltas y el partido luchar\u00e1 junto al pueblo para vencer todas esas deficiencias que est\u00e1n afectando al pa\u00eds.<\/p>\n<blockquote class=\"twitter-tweet\">\n<p dir=\"ltr\" lang=\"es\"><a href=\"https:\/\/x.com\/hashtag\/DelPartidoPLD?src=hash&amp;ref_src=twsrc%5Etfw\">#DelPartidoPLD<\/a> | Zoraima resalta el intenso trabajo del <a href=\"https:\/\/x.com\/hashtag\/PLD?src=hash&amp;ref_src=twsrc%5Etfw\">#PLD<\/a> de la mano con el pueblo. <a href=\"https:\/\/t.co\/LthdkpIYNc\">pic.twitter.com\/LthdkpIYNc<\/a><\/p>\n<p>\u2014 PLD (@PLDenlinea) <a href=\"https:\/\/x.com\/PLDenlinea\/status\/2096312632340853217?ref_src=twsrc%5Etfw\">September 5, 2026<\/a><\/p><\/blockquote>\n<p><script async src=\"https:\/\/platform.x.com\/widgets.js\" charset=\"utf-8\"><\/script><\/p>\n","protected":false},"excerpt":{"rendered":"<p>Son las limitaciones y dificultades que sufre la poblaci\u00f3n lo que le ha llevado a anhelar el regreso del PLD al Gobierno, destaca Zoraima Cuello Zoraima Cuello, vicepresidenta del Partido de la Liberaci\u00f3n Dominicana (PLD), lament\u00f3 la situaci\u00f3n de precariedad que vive Rep\u00fablica Dominicana en la gesti\u00f3n de Gobierno del PRM, que es lo que [&hellip;]<\/p>\n","protected":false},"author":1,"featured_media":91407,"comment_status":"open","ping_status":"open","sticky":false,"template":"","format":"standard","meta":{"tdm_status":"","tdm_grid_status":"","footnotes":""},"categories":[9],"tags":[],"_links":{"self":[{"href":"https:\/\/pldaldia.com\/portada\/wp-json\/wp\/v2\/posts\/91404"}],"collection":[{"href":"https:\/\/pldaldia.com\/portada\/wp-json\/wp\/v2\/posts"}],"about":[{"href":"https:\/\/pldaldia.com\/portada\/wp-json\/wp\/v2\/types\/post"}],"author":[{"embeddable":true,"href":"https:\/\/pldaldia.com\/portada\/wp-json\/wp\/v2\/users\/1"}],"replies":[{"embeddable":true,"href":"https:\/\/pldaldia.com\/portada\/wp-json\/wp\/v2\/comments?post=91404"}],"version-history":[{"count":2,"href":"https:\/\/pldaldia.com\/portada\/wp-json\/wp\/v2\/posts\/91404\/revisions"}],"predecessor-version":[{"id":91408,"href":"https:\/\/pldaldia.com\/portada\/wp-json\/wp\/v2\/posts\/91404\/revisions\/91408"}],"wp:featuredmedia":[{"embeddable":true,"href":"https:\/\/pldaldia.com\/portada\/wp-json\/wp\/v2\/media\/91407"}],"wp:attachment":[{"href":"https:\/\/pldaldia.com\/portada\/wp-json\/wp\/v2\/media?parent=91404"}],"wp:term":[{"taxonomy":"category","embeddable":true,"href":"https:\/\/pldaldia.com\/portada\/wp-json\/wp\/v2\/categories?post=91404"},{"taxonomy":"post_tag","embeddable":true,"href":"https:\/\/pldaldia.com\/portada\/wp-json\/wp\/v2\/tags?post=91404"}],"curies":[{"name":"wp","href":"https:\/\/api.w.org\/{rel}","templated":true}]}}